{"id":7428,"date":"2022-04-05T08:46:00","date_gmt":"2022-04-05T06:46:00","guid":{"rendered":"https:\/\/www.vitaldent.com\/blog\/que-causa-la-encia-retraida\/"},"modified":"2026-02-05T10:33:00","modified_gmt":"2026-02-05T10:33:00","slug":"que-causa-la-encia-retraida","status":"publish","type":"post","link":"https:\/\/www.vitaldent.com\/blog\/que-causa-la-encia-retraida\/","title":{"rendered":"Enc\u00edas retra\u00eddas: \u00bfcu\u00e1les son sus causas y c\u00f3mo se solucionan?"},"content":{"rendered":"\n<p>Las <strong>enc\u00edas retra\u00eddas<\/strong> son relativamente habituales entre la poblaci\u00f3n. Sin embargo, esto no debe hacernos pensar que son un problema menor. En multitud de ocasiones, la retracci\u00f3n de enc\u00edas es el comienzo de una <strong>complicaci\u00f3n m\u00e1s grave<\/strong>: la p\u00e9rdida de alg\u00fan diente.<\/p>\n\n\n\n<p>En este art\u00edculo vamos a tratar, en profundidad, cu\u00e1les son las <strong>causas <\/strong>de las enc\u00edas retra\u00eddas y c\u00f3mo se solucionan.<\/p>\n\n\n\r\n<div class=\"key-takeaways\">\r\n            <h2 class=\"key-takeaways__title\">\r\n            Puntos clave        <\/h2>\r\n        <div class=\"key-takeaways__content richtext\">\r\n        <ul>\n<li>La retracci\u00f3n gingival puede avanzar sin dolor: detectarla a tiempo evita problemas mayores, como la p\u00e9rdida de un diente.<\/li>\n<li>Las causas m\u00e1s comunes de las enc\u00edas retra\u00eddas son la periodontitis y el cepillado agresivo.<\/li>\n<li>El tratamiento depende de su causa: desde una limpieza periodontal profunda hasta microcirug\u00eda periodontal (injerto de enc\u00eda).<\/li>\n<li>Cuanto antes se aborde la retracci\u00f3n de enc\u00edas, m\u00e1s sencillo ser\u00e1 frenar su avance.<\/li>\n<\/ul>\n    <\/div>\r\n<\/div>\n\n\n<h2 class=\"wp-block-heading\">\u00bfQu\u00e9 son las enc\u00edas retra\u00eddas?<\/h2>\n\n\n\n<p>Las enc\u00edas retra\u00eddas son uno de los problemas bucodentales m\u00e1s frecuentes hoy en d\u00eda. Se considera que una persona tiene enc\u00edas retra\u00eddas cuando muestra una parte, m\u00e1s o menos extensa, de la <strong>ra\u00edz dental<\/strong>. Se puede notar porque el diente se ve \u201cm\u00e1s largo\u201d, aparece <strong>sensibilidad al fr\u00edo<\/strong> y, a veces, un peque\u00f1o surco junto al borde de la enc\u00eda.<\/p>\n\n\n\n<p>Dicho esto, hay que tener en cuenta que la <strong>retracci\u00f3n<\/strong> puede afectar tanto a una \u00fanica pieza dental como a varias. En general, podemos decir que el nivel de afectaci\u00f3n depende de la <strong>causa<\/strong> que haya originado la recesi\u00f3n.<\/p>\n\n\n\n<blockquote class=\"blockquote\">\n\n    <span class=\"blockquote__decor\"><\/span>\n\n    <p>Las principales causas de las enc\u00edas retra\u00eddas son dos: la periodontitis y el cepillado agresivo.<\/p>\n\n    \n    <cite><\/cite>\n<\/blockquote>\n\n\n\n\n<h2 class=\"wp-block-heading\">\u00bfCu\u00e1les son las causas de las enc\u00edas retra\u00eddas?<\/h2>\n\n\n\n<p>Las principales <strong>causas de la retracci\u00f3n de enc\u00edas<\/strong> son las siguientes:<\/p>\n\n\n\n<h3 class=\"wp-block-heading\"><a><\/a>1- Periodontitis<\/h3>\n\n\n\n<p>La<a href=\"https:\/\/www.vitaldent.com\/blog\/que-es-la-periodontitis-y-como-se-trata\/\"> <\/a><a href=\"https:\/\/www.vitaldent.com\/blog\/que-es-la-periodontitis-y-como-se-trata\/\">periodontitis<\/a> -tambi\u00e9n llamada <strong>piorrea<\/strong>&#8211; es una enfermedad de las enc\u00edas que se caracteriza por ser cr\u00f3nica y est\u00e1 causada por la acumulaci\u00f3n de <strong>bacterias<\/strong> en la boca, asociada a una respuesta inflamatoria del organismo. Por lo general, esto se produce por una mala higiene oral.<\/p>\n\n\n\n<p>Si la periodontitis no se trata, las bacterias provocan una<strong> infecci\u00f3n <\/strong>que acaba destruyendo los tejidos que se encuentran alrededor del diente, y que sirven de soporte (enc\u00edas, hueso\u2026).<\/p>\n\n\n\n<p>En el caso de la periodontitis, la <strong>recesi\u00f3n de enc\u00edas<\/strong> suele manifestarse de manera generalizada. Es decir, en todos o casi todos los dientes de la boca. Esto se debe a que las bacterias est\u00e1n presentes en toda la cavidad oral y, por tanto, atacan por igual.<\/p>\n\n\n\n<h3 class=\"wp-block-heading\"><a><\/a>2- Tabaco<\/h3>\n\n\n\n<p>El<a href=\"https:\/\/www.cdc.gov\/tobacco\/campaign\/tips\/spanish\/enfermedades\/tabaquismo-enfermedad-de-encias.html\"> <\/a><a href=\"https:\/\/www.cdc.gov\/tobacco\/campaign\/tips\/spanish\/enfermedades\/tabaquismo-enfermedad-de-encias.html\" target=\"_blank\" rel=\"noreferrer noopener\">tabaco<\/a> contribuye a la retracci\u00f3n de enc\u00edas y al empeoramiento de las enfermedades periodontales, especialmente en pacientes con periodontitis. Esto se debe, fundamentalmente, a que las sustancias t\u00f3xicas de los cigarrillos reducen el riego sangu\u00edneo, alteran la respuesta defensiva y camuflan la inflamaci\u00f3n.<\/p>\n\n\n\n<p>Como consecuencia, el tabaco enmascara los cl\u00e1sicos s\u00edntomas de las enfermedades periodontales: enrojecimiento, <a href=\"https:\/\/www.vitaldent.com\/blog\/encias-inflamadas-tratamiento-saneamiento-integral-de-encias-gingivitis-periodontitis\/\">inflamaci\u00f3n<\/a> y <a href=\"https:\/\/www.vitaldent.com\/blog\/me-sangran-las-encias-que-hago\/\">sangrado de enc\u00edas<\/a>. Si el paciente no es consciente de que padece una patolog\u00eda de las enc\u00edas y no se trata, la <strong>retracci\u00f3n gingival<\/strong> progresar\u00e1.<\/p>\n\n\n\n<h3 class=\"wp-block-heading\"><a><\/a>3- Cepillado de dientes agresivo<\/h3>\n\n\n\n<p>El cepillado de dientes agresivo es, junto con la periodontitis, una de las principales <strong>causas de las enc\u00edas retra\u00eddas<\/strong>.<\/p>\n\n\n\n<p>Hay personas que tienden a cepillarse los dientes con excesiva<strong> fuerza<\/strong>, creyendo que, de esa manera, van a limpiar mejor su boca. Y, por otro lado, tambi\u00e9n hay quienes usan cepillos con <strong>cerdas muy duras<\/strong>.<\/p>\n\n\n\n<p>El problema es que el exceso de presi\u00f3n y los filamentos duros pueden erosionar el margen gingival y el cemento radicular, causando retracci\u00f3n gingival y <a href=\"https:\/\/www.vitaldent.com\/es\/sensibilidad-dental\/\">sensibilidad dental<\/a>.<\/p>\n\n\n\n<p>Generalmente, las enc\u00edas retra\u00eddas por un cepillado <strong>abrasivo<\/strong> se manifiestan en unos dientes concretos -en funci\u00f3n de las zonas donde se ejerza m\u00e1s fuerza-. Es decir, la retracci\u00f3n no es generalizada, como ocurre con la periodontitis.<\/p>\n\n\n\n<h3 class=\"wp-block-heading\"><a><\/a>4- Bruxismo<\/h3>\n\n\n\n<p>El<a href=\"https:\/\/www.vitaldent.com\/es\/bruxismo\/\"> <\/a><a href=\"https:\/\/www.vitaldent.com\/es\/bruxismo\/\">bruxismo<\/a> es un h\u00e1bito que consiste en <strong>apretar y\/o rechinar los dientes<\/strong> de manera involuntaria, con frecuencia relacionado con el estr\u00e9s. Aunque las personas bruxistas tienden a hacer esto en cualquier momento del d\u00eda, el h\u00e1bito se manifiesta especialmente por la noche, durante el sue\u00f1o.<\/p>\n\n\n\n<p>Si una persona es bruxista y no se lleva a cabo un control adecuado de la afecci\u00f3n (mediante revisiones y un tratamiento como la<a href=\"https:\/\/www.vitaldent.com\/es\/ferula-de-descarga\/\"> <\/a><a href=\"https:\/\/www.vitaldent.com\/es\/ferula-de-descarga\/\"><strong>f\u00e9rula de descarga<\/strong><\/a>), sus m\u00fasculos y articulaciones faciales sufrir\u00e1n una tensi\u00f3n constante. Como consecuencia, puede producirse un trauma oclusal que contribuya a la recesi\u00f3n gingival, especialmente si existen otros factores asociados.<\/p>\n\n\n\n<h3 class=\"wp-block-heading\"><a><\/a>5- Traumatismo<\/h3>\n\n\n\n<p>Las<strong> enc\u00edas retra\u00eddas<\/strong> tambi\u00e9n pueden estar causadas por un golpe muy fuerte. Cuando se recibe un traumatismo severo en la boca, cabe la posibilidad de que se pierda parte del tejido de las enc\u00edas, haciendo que se retraigan.<\/p>\n\n\n\n<h3 class=\"wp-block-heading\"><a><\/a>6- Ortodoncia<\/h3>\n\n\n\n<p>Los movimientos dentales mal controlados, sobre todo hacia fuera del hueso, <strong>dejan la ra\u00edz con menos soporte<\/strong> y pueden ser la causa de las enc\u00edas retra\u00eddas. Con una buena planificaci\u00f3n, llevada a cabo por ortodoncistas experimentados, la ortodoncia no tiene por qu\u00e9 provocar retracci\u00f3n.<\/p>\n\n\n\n<p>Por ejemplo, esto puede suceder en casos de<a href=\"https:\/\/www.vitaldent.com\/blog\/apinamiento-dental-causas-consecuencias-y-tratamiento\/\"> <\/a><a href=\"https:\/\/www.vitaldent.com\/blog\/apinamiento-dental-causas-consecuencias-y-tratamiento\/\"><strong>api\u00f1amiento dental severo<\/strong><\/a>, cuando se ha tratado de expandir demasiado la arcada dentaria, con el objetivo de conseguir el espacio suficiente para albergar todos los dientes.<\/p>\n\n\n\n<h3 class=\"wp-block-heading\"><a><\/a>7- Uso de piercings<\/h3>\n\n\n\n<p>Los piercings en la boca, como los que se llevan en la<strong> lengua<\/strong> o en el <strong>labio<\/strong>, tambi\u00e9n pueden provocar retracci\u00f3n de enc\u00edas, ya que tienden a apoyarse o a contactar con las enc\u00edas. El roce continuado termina por desgastar el <strong>tejido gingival<\/strong> y hacer que se retraiga.<\/p>\n\n\n\n<p>En estos casos, la retracci\u00f3n suele apreciarse solamente en dos o tres dientes, aquellos que tienen m\u00e1s contacto con el piercing.<\/p>\n\n\n\r\n<div class=\"postcontent__banner\">\r\n    <div class=\"banner2\" >\r\n\r\n        <span class=\"banner2__text\">\r\n            Aprovecha ahora 600\u20ac de descuento en ortodoncia + blanqueamiento*        <\/span>\r\n                \r\n        <a href=\"https:\/\/clinicas.vitaldent.com\/?utm_source=google&#038;utm_medium=organic\" target=\"\" class=\"btn3\">\r\n            <img decoding=\"async\" src=\"\/wp-content\/uploads\/2024\/12\/te-llamamos.svg\" alt=\"\" role=\"presentation\">\r\n            Llama y pide tu cita        <\/a>\r\n    <\/div>\r\n<\/div>\n\n\n<h2 class=\"wp-block-heading\">\u00bfQu\u00e9 pasa cuando las enc\u00edas se retraen?<\/h2>\n\n\n\n<p>Las principales <strong>consecuencias de la recesi\u00f3n de enc\u00edas<\/strong> son las siguientes:<\/p>\n\n\n\n<h3 class=\"wp-block-heading\"><a><\/a>Movilidad y p\u00e9rdida de dientes<\/h3>\n\n\n\n<p>La movilidad y p\u00e9rdida de dientes pueden producirse cuando la causa de las enc\u00edas retra\u00eddas es la <strong>periodontitis<\/strong>. Esto se debe a que las bacterias destruyen el tejido que se encuentra alrededor de los dientes (enc\u00edas y <strong>hueso<\/strong>). Por tanto, al perder los elementos sobre los que se sustentan, las piezas dentales empiezan a tener movilidad y se pueden acabar perdiendo.<\/p>\n\n\n\n<h3 class=\"wp-block-heading\"><a><\/a>Dolor y aumento de la sensibilidad<\/h3>\n\n\n\n<p>Dado que la propia retracci\u00f3n provoca que la <strong>ra\u00edz <\/strong>del diente se exponga, las enc\u00edas retra\u00eddas tambi\u00e9n ocasionan un aumento de la sensibilidad dental. Esto se debe a que la zona de la ra\u00edz no est\u00e1 protegida por esmalte y es m\u00e1s sensible a los est\u00edmulos que el resto del diente.<\/p>\n\n\n\n<p>Por ello, la persona puede presentar molestias o <strong>dolor<\/strong> al cepillarse los dientes e ingerir bebidas y alimentos muy fr\u00edos, calientes o \u00e1cidos.<\/p>\n\n\n\n<h3 class=\"wp-block-heading\"><a><\/a>Perjuicio est\u00e9tico<\/h3>\n\n\n\n<p>Otra de las <strong>consecuencias <\/strong>de las enc\u00edas retra\u00eddas es el empeoramiento en el aspecto de la sonrisa. Al exponerse la ra\u00edz dental, los dientes se ven <strong>m\u00e1s largos<\/strong> y pueden aparecer <strong>tri\u00e1ngulos negros<\/strong> entre ellos (por la p\u00e9rdida de papila), y la sonrisa puede parecer m\u00e1s envejecida.<\/p>\n\n\n\r\n<div class=\"postcontent__banner\">\r\n    <div class=\"banner2\" >\r\n\r\n        <span class=\"banner2__text\">\r\n            \u00bfTIENES LAS ENC\u00cdAS RETRA\u00cdDAS?        <\/span>\r\n                \r\n        <a href=\"https:\/\/clinicas.vitaldent.com\/\" target=\"\" class=\"btn3\">\r\n            <img decoding=\"async\" src=\"\/wp-content\/uploads\/2024\/12\/te-llamamos.svg\" alt=\"\" role=\"presentation\">\r\n            Acude a una revisi\u00f3n gratuita        <\/a>\r\n    <\/div>\r\n<\/div>\n\n\n<h2 class=\"wp-block-heading\"><a><\/a>\u00bfC\u00f3mo tratar las enc\u00edas retra\u00eddas?<\/h2>\n\n\n\n<p>Las <strong>enc\u00edas retra\u00eddas no se regeneran de forma espont\u00e1nea<\/strong> por s\u00ed mismas. Por tanto, si se pretende recuperar el aspecto que presentaban antes de la retracci\u00f3n, ser\u00e1 necesario recurrir a un tratamiento odontol\u00f3gico.<\/p>\n\n\n\n<p>En funci\u00f3n de la causa que haya originado la recesi\u00f3n gingival, podremos realizar un <strong>tratamiento<\/strong> u otro.<\/p>\n\n\n\n<p>A continuaci\u00f3n, te vamos a contar cu\u00e1les son las <strong>soluciones<\/strong> para las principales causas de las enc\u00edas retra\u00eddas:<\/p>\n\n\n\n<h3 class=\"wp-block-heading\"><a><\/a>1- Soluci\u00f3n para las enc\u00edas retra\u00eddas por periodontitis<\/h3>\n\n\n\n<p>Cuando la retracci\u00f3n gingival se debe a la<a href=\"https:\/\/www.vitaldent.com\/blog\/que-es-la-piorrea-causas-sintomas-y-soluciones-2\/\"> <\/a><a href=\"https:\/\/www.vitaldent.com\/blog\/que-es-la-piorrea-causas-sintomas-y-soluciones-2\/\"><strong>piorrea<\/strong><\/a>, en primer lugar, ser\u00e1 necesario realizar un <strong>estudio periodontal<\/strong>, que permite verificar en qu\u00e9 estado se encuentra la enfermedad y a qu\u00e9 <strong>tratamiento<\/strong> se debe recurrir para controlarla.<\/p>\n\n\n\n<ul class=\"wp-block-list\">\n<li><strong>Tratamiento periodontal: <\/strong>ante un caso de enc\u00edas retra\u00eddas por periodontitis, generalmente se debe realizar el<a href=\"https:\/\/www.vitaldent.com\/blog\/tratamiento-periodontal-que-es\/\"> <\/a><a href=\"https:\/\/www.vitaldent.com\/blog\/tratamiento-periodontal-que-es\/\">tratamiento periodontal b\u00e1sico<\/a>. Uno de los pasos m\u00e1s importantes de este procedimiento es el<a href=\"https:\/\/www.vitaldent.com\/blog\/raspado-dental-que-es-y-como-funciona\/\"> <\/a><a href=\"https:\/\/www.vitaldent.com\/blog\/raspado-dental-que-es-y-como-funciona\/\">raspado y alisado radicular<\/a>, tambi\u00e9n llamado com\u00fanmente<a href=\"https:\/\/www.vitaldent.com\/blog\/curetaje-dental-que-es-como-se-hace-y-cada-cuanto-tiempo\/\"> <\/a><a href=\"https:\/\/www.vitaldent.com\/blog\/curetaje-dental-que-es-como-se-hace-y-cada-cuanto-tiempo\/\">curetaje<\/a>.<\/li>\n\n\n\n<li><strong>Tratamiento antibi\u00f3tico: <\/strong>hay ocasiones en las que, tras el tratamiento periodontal, puede ser necesario emplear medicaci\u00f3n antibi\u00f3tica para mantener el control de las bacterias.<\/li>\n\n\n\n<li><strong>Cirug\u00eda periodontal: <\/strong>en casos de periodontitis avanzada, puede ser necesario recurrir a una <a href=\"https:\/\/www.vitaldent.com\/blog\/que-es-la-cirugia-periodontal\/\">cirug\u00eda periodontal<\/a>, con la que acceder a los dep\u00f3sitos de bacterias m\u00e1s profundos, que est\u00e1n dentro de las <a href=\"https:\/\/www.vitaldent.com\/blog\/bolsas-periodontales-que-son-y-como-se-tratan\/\">bolsas periodontales<\/a> y a las que no se ha podido llegar con el curetaje.<\/li>\n\n\n\n<li><strong>Injerto de enc\u00eda:<\/strong> una vez se hayan eliminado las bacterias y la enfermedad periodontal est\u00e9 controlada, el odont\u00f3logo deber\u00e1 valorar si se puede recurrir a un <a href=\"https:\/\/www.vitaldent.com\/blog\/injerto-de-encia-que-es-y-como-se-hace\/\">injerto de enc\u00eda<\/a> para recuperar el tejido gingival perdido.<\/li>\n<\/ul>\n\n\n\n<p>Dicho esto, hay que tener en cuenta que la periodontitis es una enfermedad cr\u00f3nica, por lo que tiende a reaparecer con el paso del tiempo.<\/p>\n\n\n\n<p>Para minimizar el riesgo de que esto ocurra, ser\u00e1 imprescindible que el paciente acuda a <strong>revisiones peri\u00f3dicas<\/strong> y siga unas buenas rutinas de higiene en casa. Esto pasa, entre otras cosas, por <strong>cepillarse los dientes despu\u00e9s de cada comida<\/strong>.<\/p>\n\n\n\n<h3 class=\"wp-block-heading\"><a><\/a>2- Soluci\u00f3n para las enc\u00edas retra\u00eddas por cepillado agresivo<\/h3>\n\n\n\n<p>Cuando la retracci\u00f3n gingival se debe a un cepillado abrasivo, el tratamiento para solucionar la recesi\u00f3n pasar\u00e1 por un<strong> injerto de enc\u00eda<\/strong> en los dientes afectados. De esta manera, se conseguir\u00e1 que la pieza dental recupere el tejido de enc\u00eda perdido.<\/p>\n\n\n\n<p>Tambi\u00e9n ser\u00e1 fundamental que el paciente mejore su t\u00e9cnica de higiene, para evitar el trauma en la enc\u00eda. Tendr\u00e1 que cepillarse los dientes con menor fuerza y\/o utilizar un cepillo de cerdas suaves. Para ejercer una presi\u00f3n m\u00e1s controlada, puede ser de ayuda un <strong>cepillo el\u00e9ctrico con sensor<\/strong>.<\/p>\n\n\n\n<h3 class=\"wp-block-heading\"><a><\/a>3- Soluci\u00f3n para las enc\u00edas retra\u00eddas por bruxismo<\/h3>\n\n\n\n<p>En el caso de los pacientes bruxistas, ser\u00e1 necesario realizar cuanto antes un diagn\u00f3stico y pautar un tratamiento para el bruxismo, como una <strong>f\u00e9rula de descarga<\/strong>. De esta manera, se reduce el trauma oclusal y se evita que la situaci\u00f3n empeore.<\/p>\n\n\n\n<p>Una vez corregido este h\u00e1bito, el dentista valorar\u00e1 si la recesi\u00f3n puede corregirse con una <strong>reposici\u00f3n <\/strong>o <strong>injerto de enc\u00eda<\/strong>. Adem\u00e1s, se podr\u00e1 <strong>tratar la sensibilidad<\/strong>, gestionar el estr\u00e9s y revisar posibles desencadenantes.<\/p>\n\n\n\n<h2 class=\"wp-block-heading\"><a><\/a>\u00bfC\u00f3mo curar las enc\u00edas retra\u00eddas de forma natural?<\/h2>\n\n\n\n<p>Uno de los mayores errores al tratar las enc\u00edas retra\u00eddas es pretender hacerlo mediante <strong>remedios caseros<\/strong>. Y es que, en una gran cantidad de casos, la recesi\u00f3n se debe a la presencia de periodontitis.<\/p>\n\n\n\n<p>En esos casos, la soluci\u00f3n no estar\u00e1 \u00fanicamente en la propia casa del paciente o en los remedios caseros que aparecen en Internet. En dichos supuestos, la \u00fanica <strong>soluci\u00f3n verdadera <\/strong>podr\u00e1 aportarla el <strong>dentista<\/strong> en su consulta, con un tratamiento profesional.<\/p>\n\n\n\n<p><strong>Lo que s\u00ed puedes hacer en casa<\/strong>, y funciona como complemento hasta que acudes al dentista, es lo siguiente:<\/p>\n\n\n\n<ul class=\"wp-block-list\">\n<li><strong>Higiene impecable: <\/strong>la placa bacteriana es el principal enemigo. Cep\u00edllate despu\u00e9s de cada comida durante dos minutos y usa hilo o cepillos interdentales.<\/li>\n\n\n\n<li><strong>T\u00e9cnica y utensilios adecuados: <\/strong>usa un cepillo ultrasuave y haz movimientos cortos y delicados. As\u00ed evitas da\u00f1ar m\u00e1s el margen de la enc\u00eda.<\/li>\n\n\n\n<li><strong>Control de h\u00e1bitos:<\/strong> dejar el tabaco y protegerte del bruxismo con una f\u00e9rula de descarga nocturna, si te la indican, mejora la respuesta de tus enc\u00edas.<\/li>\n\n\n\n<li><strong>Revisiones peri\u00f3dicas: <\/strong>el mantenimiento profesional es la base para conservar los resultados a largo plazo.<\/li>\n<\/ul>\n\n\n\n<p>Te recomendamos que, si notas tus enc\u00edas retra\u00eddas, acudas cuanto antes a uno de nuestros odont\u00f3logos. En solo una visita, que adem\u00e1s es gratuita, podr\u00e1n determinar cu\u00e1l es la <strong>causa de la recesi\u00f3n<\/strong>. Posteriormente, pautar\u00e1n el <strong>tratamiento<\/strong> adecuado para tu caso.<\/p>\n\n\n\n<p>Recuerda que, si padeces periodontitis y est\u00e1s en riesgo de perder tus dientes, el tiempo que tardes en acudir al dentista marcar\u00e1 la diferencia. <strong>Llama y pide tu primera consulta sin coste en una cl\u00ednica Vitaldent<\/strong>.<\/p>\n","protected":false},"excerpt":{"rendered":"<p>Las enc\u00edas retra\u00eddas son relativamente habituales entre la poblaci\u00f3n. Sin embargo, esto no debe hacernos pensar que son un problema menor. En multitud de ocasiones, la retracci\u00f3n de enc\u00edas es el comienzo de una complicaci\u00f3n m\u00e1s grave: la p\u00e9rdida de alg\u00fan diente. En este art\u00edculo vamos a tratar, en profundidad, cu\u00e1les son las causas de [&hellip;]<\/p>\n","protected":false},"author":19,"featured_media":9945,"comment_status":"open","ping_status":"open","sticky":false,"template":"","format":"standard","meta":{"_acf_changed":false,"_stopmodifiedupdate":false,"_modified_date":"","footnotes":""},"categories":[6],"tags":[138,147],"class_list":["post-7428","post","type-post","status-publish","format-standard","has-post-thumbnail","hentry","category-tratamientos-dentales","tag-encias","tag-periodoncia"],"acf":[],"yoast_head":"<!-- This site is optimized with the Yoast SEO plugin v27.4 - https:\/\/yoast.com\/product\/yoast-seo-wordpress\/ -->\n<title>\u00bfC\u00f3mo tratar las enc\u00edas retra\u00eddas? | Vitaldent<\/title>\n<meta name=\"description\" content=\"El tratamiento depende de la causa que ha provocado la retracci\u00f3n. Por ejemplo, si se debe a la piorrea, en primer lugar es recomendable...\" \/>\n<meta name=\"robots\" content=\"index, follow, max-snippet:-1, max-image-preview:large, max-video-preview:-1\" \/>\n<link rel=\"canonical\" href=\"https:\/\/www.vitaldent.com\/blog\/que-causa-la-encia-retraida\/\" \/>\n<meta property=\"og:locale\" content=\"es_ES\" \/>\n<meta property=\"og:type\" content=\"article\" \/>\n<meta property=\"og:title\" content=\"\u00bfC\u00f3mo tratar las enc\u00edas retra\u00eddas? | Vitaldent\" \/>\n<meta property=\"og:description\" content=\"El tratamiento depende de la causa que ha provocado la retracci\u00f3n. Por ejemplo, si se debe a la piorrea, en primer lugar es recomendable...\" \/>\n<meta property=\"og:url\" content=\"https:\/\/www.vitaldent.com\/blog\/que-causa-la-encia-retraida\/\" \/>\n<meta property=\"og:site_name\" content=\"El blog de Vitaldent | H\u00e1bitos, tratamientos y consejos de Salud Dental\" \/>\n<meta property=\"article:published_time\" content=\"2022-04-05T06:46:00+00:00\" \/>\n<meta property=\"article:modified_time\" content=\"2026-02-05T10:33:00+00:00\" \/>\n<meta property=\"og:image\" content=\"https:\/\/www.vitaldent.com\/blog\/wp-content\/uploads\/2021\/09\/50.-Encias-retiradas.jpg\" \/>\n\t<meta property=\"og:image:width\" content=\"1000\" \/>\n\t<meta property=\"og:image:height\" content=\"667\" \/>\n\t<meta property=\"og:image:type\" content=\"image\/jpeg\" \/>\n<meta name=\"author\" content=\"Eva Lago\" \/>\n<meta name=\"twitter:card\" content=\"summary_large_image\" \/>\n<meta name=\"twitter:label1\" content=\"Escrito por\" \/>\n\t<meta name=\"twitter:data1\" content=\"Eva Lago\" \/>\n\t<meta name=\"twitter:label2\" content=\"Tiempo de lectura\" \/>\n\t<meta name=\"twitter:data2\" content=\"6 minutos\" \/>\n<!-- \/ Yoast SEO plugin. -->","yoast_head_json":{"title":"\u00bfC\u00f3mo tratar las enc\u00edas retra\u00eddas? | Vitaldent","description":"El tratamiento depende de la causa que ha provocado la retracci\u00f3n. Por ejemplo, si se debe a la piorrea, en primer lugar es recomendable...","robots":{"index":"index","follow":"follow","max-snippet":"max-snippet:-1","max-image-preview":"max-image-preview:large","max-video-preview":"max-video-preview:-1"},"canonical":"https:\/\/www.vitaldent.com\/blog\/que-causa-la-encia-retraida\/","og_locale":"es_ES","og_type":"article","og_title":"\u00bfC\u00f3mo tratar las enc\u00edas retra\u00eddas? | Vitaldent","og_description":"El tratamiento depende de la causa que ha provocado la retracci\u00f3n. Por ejemplo, si se debe a la piorrea, en primer lugar es recomendable...","og_url":"https:\/\/www.vitaldent.com\/blog\/que-causa-la-encia-retraida\/","og_site_name":"El blog de Vitaldent | H\u00e1bitos, tratamientos y consejos de Salud Dental","article_published_time":"2022-04-05T06:46:00+00:00","article_modified_time":"2026-02-05T10:33:00+00:00","og_image":[{"width":1000,"height":667,"url":"https:\/\/www.vitaldent.com\/blog\/wp-content\/uploads\/2021\/09\/50.-Encias-retiradas.jpg","type":"image\/jpeg"}],"author":"Eva Lago","twitter_card":"summary_large_image","twitter_misc":{"Escrito por":"Eva Lago","Tiempo de lectura":"6 minutos"},"schema":{"@context":"https:\/\/schema.org","@graph":[{"@type":"Article","@id":"https:\/\/www.vitaldent.com\/blog\/que-causa-la-encia-retraida\/#article","isPartOf":{"@id":"https:\/\/www.vitaldent.com\/blog\/que-causa-la-encia-retraida\/"},"author":{"name":"Eva Lago","@id":"https:\/\/www.vitaldent.com\/blog\/#\/schema\/person\/a0ac33fcf2e8bf08abce31b6437c3cc1"},"headline":"Enc\u00edas retra\u00eddas: \u00bfcu\u00e1les son sus causas y c\u00f3mo se solucionan?","datePublished":"2022-04-05T06:46:00+00:00","dateModified":"2026-02-05T10:33:00+00:00","mainEntityOfPage":{"@id":"https:\/\/www.vitaldent.com\/blog\/que-causa-la-encia-retraida\/"},"wordCount":2021,"commentCount":0,"image":{"@id":"https:\/\/www.vitaldent.com\/blog\/que-causa-la-encia-retraida\/#primaryimage"},"thumbnailUrl":"https:\/\/www.vitaldent.com\/blog\/wp-content\/uploads\/2021\/09\/50.-Encias-retiradas.jpg","keywords":["Enc\u00edas","Periodoncia"],"articleSection":["Tratamientos dentales"],"inLanguage":"es","potentialAction":[{"@type":"CommentAction","name":"Comment","target":["https:\/\/www.vitaldent.com\/blog\/que-causa-la-encia-retraida\/#respond"]}]},{"@type":["WebPage","MedicalWebPage"],"@id":"https:\/\/www.vitaldent.com\/blog\/que-causa-la-encia-retraida\/","url":"https:\/\/www.vitaldent.com\/blog\/que-causa-la-encia-retraida\/","name":"\u00bfC\u00f3mo tratar las enc\u00edas retra\u00eddas? | Vitaldent","isPartOf":{"@id":"https:\/\/www.vitaldent.com\/blog\/#website"},"primaryImageOfPage":{"@id":"https:\/\/www.vitaldent.com\/blog\/que-causa-la-encia-retraida\/#primaryimage"},"image":{"@id":"https:\/\/www.vitaldent.com\/blog\/que-causa-la-encia-retraida\/#primaryimage"},"thumbnailUrl":"https:\/\/www.vitaldent.com\/blog\/wp-content\/uploads\/2021\/09\/50.-Encias-retiradas.jpg","datePublished":"2022-04-05T06:46:00+00:00","dateModified":"2026-02-05T10:33:00+00:00","author":{"@id":"https:\/\/www.vitaldent.com\/blog\/#\/schema\/person\/a0ac33fcf2e8bf08abce31b6437c3cc1"},"description":"El tratamiento depende de la causa que ha provocado la retracci\u00f3n. Por ejemplo, si se debe a la piorrea, en primer lugar es recomendable...","breadcrumb":{"@id":"https:\/\/www.vitaldent.com\/blog\/que-causa-la-encia-retraida\/#breadcrumb"},"inLanguage":"es","potentialAction":[{"@type":"ReadAction","target":["https:\/\/www.vitaldent.com\/blog\/que-causa-la-encia-retraida\/"]}]},{"@type":"ImageObject","inLanguage":"es","@id":"https:\/\/www.vitaldent.com\/blog\/que-causa-la-encia-retraida\/#primaryimage","url":"https:\/\/www.vitaldent.com\/blog\/wp-content\/uploads\/2021\/09\/50.-Encias-retiradas.jpg","contentUrl":"https:\/\/www.vitaldent.com\/blog\/wp-content\/uploads\/2021\/09\/50.-Encias-retiradas.jpg","width":1000,"height":667,"caption":"enci\u0301a retrai\u0301da"},{"@type":"BreadcrumbList","@id":"https:\/\/www.vitaldent.com\/blog\/que-causa-la-encia-retraida\/#breadcrumb","itemListElement":[{"@type":"ListItem","position":1,"name":"Home","item":"https:\/\/www.vitaldent.com\/blog\/"},{"@type":"ListItem","position":2,"name":"Enc\u00edas retra\u00eddas: \u00bfcu\u00e1les son sus causas y c\u00f3mo se solucionan?"}]},{"@type":"WebSite","@id":"https:\/\/www.vitaldent.com\/blog\/#website","url":"https:\/\/www.vitaldent.com\/blog\/","name":"El blog de Vitaldent | H\u00e1bitos, tratamientos y consejos de Salud Dental","description":"El blog en el que encontrar\u00e1s h\u00e1bitos, tratamientos y consejos de salud dental","potentialAction":[{"@type":"SearchAction","target":{"@type":"EntryPoint","urlTemplate":"https:\/\/www.vitaldent.com\/blog\/?s={search_term_string}"},"query-input":{"@type":"PropertyValueSpecification","valueRequired":true,"valueName":"search_term_string"}}],"inLanguage":"es"},{"@type":"Person","@id":"https:\/\/www.vitaldent.com\/blog\/#\/schema\/person\/a0ac33fcf2e8bf08abce31b6437c3cc1","name":"Eva Lago","image":{"@type":"ImageObject","inLanguage":"es","@id":"https:\/\/secure.gravatar.com\/avatar\/79c74c24738a35bdf5899dc69bd93748b48c95a48d47fdbee010a5cf6895457d?s=96&d=mm&r=g","url":"https:\/\/secure.gravatar.com\/avatar\/79c74c24738a35bdf5899dc69bd93748b48c95a48d47fdbee010a5cf6895457d?s=96&d=mm&r=g","contentUrl":"https:\/\/secure.gravatar.com\/avatar\/79c74c24738a35bdf5899dc69bd93748b48c95a48d47fdbee010a5cf6895457d?s=96&d=mm&r=g","caption":"Eva Lago"},"description":"Eva Lago es coordinadora m\u00e9dica del \u00e1rea de Periodoncia y Endodoncia de Donte Group. Se gradu\u00f3 en Odontolog\u00eda por la Universidad Europea de Madrid y destaca por su amplia experiencia cl\u00ednica en el campo de la Periodoncia y la Endodoncia, as\u00ed como por su formaci\u00f3n en \u00e1reas estrechamente relacionadas, como la implantolog\u00eda. De hecho, su formaci\u00f3n incluye un M\u00e1ster en Implantolog\u00eda Avanzada por la Universidad de Sevilla. Adem\u00e1s, es profesora en la Universidad Alfonso X El Sabio y asistente habitual a congresos nacionales, como los de la Asociaci\u00f3n Espa\u00f1ola de Endodoncia (AEDE), la Sociedad Espa\u00f1ola de Periodoncia y Osteointegraci\u00f3n (SEPA) y la Sociedad Espa\u00f1ola de Implantes (SEI). Formaci\u00f3n acad\u00e9mica \u25cf Grado en Odontolog\u00eda, Universidad Europea de Madrid (2009-2015). \u25cf M\u00e1ster en Implantolog\u00eda Avanzada, Universidad de Sevilla (2016-2018). \u25cf M\u00e1ster en Ortodoncia Avanzada, Universidad Europea de Madrid (2019-2022). Otros cursos y diplomas \u25cf Curso Superior Universitario en Implantopr\u00f3tesis. Universidad Rey Juan Carlos. \u25cf Diploma en Implantolog\u00eda Avanzada. Universidad de Sevilla. \u25cf Curso de regeneraci\u00f3n \u00f3sea guiada. Dr. Sergio G. Moreno - Fundaci\u00f3n Gim\u00e9nez D\u00edaz. \u25cf Curso IF Implantolog\u00eda Corticobasal. Imbiodent. \u25cf Curso est\u00e9tico-dental con \u00e1cido hialur\u00f3nico. Colegio de Odont\u00f3logos de Catalu\u00f1a.","sameAs":["https:\/\/www.linkedin.com\/in\/eva-victoria-lago-pacheco-a10403106\/"],"url":"https:\/\/www.vitaldent.com\/blog\/author\/dra-eva-lago\/"}]}},"author_avatar_url":"https:\/\/secure.gravatar.com\/avatar\/79c74c24738a35bdf5899dc69bd93748b48c95a48d47fdbee010a5cf6895457d?s=200&d=mm&r=g","_links":{"self":[{"href":"https:\/\/www.vitaldent.com\/blog\/wp-json\/wp\/v2\/posts\/7428","targetHints":{"allow":["GET"]}}],"collection":[{"href":"https:\/\/www.vitaldent.com\/blog\/wp-json\/wp\/v2\/posts"}],"about":[{"href":"https:\/\/www.vitaldent.com\/blog\/wp-json\/wp\/v2\/types\/post"}],"author":[{"embeddable":true,"href":"https:\/\/www.vitaldent.com\/blog\/wp-json\/wp\/v2\/users\/19"}],"replies":[{"embeddable":true,"href":"https:\/\/www.vitaldent.com\/blog\/wp-json\/wp\/v2\/comments?post=7428"}],"version-history":[{"count":29,"href":"https:\/\/www.vitaldent.com\/blog\/wp-json\/wp\/v2\/posts\/7428\/revisions"}],"predecessor-version":[{"id":15019,"href":"https:\/\/www.vitaldent.com\/blog\/wp-json\/wp\/v2\/posts\/7428\/revisions\/15019"}],"wp:featuredmedia":[{"embeddable":true,"href":"https:\/\/www.vitaldent.com\/blog\/wp-json\/wp\/v2\/media\/9945"}],"wp:attachment":[{"href":"https:\/\/www.vitaldent.com\/blog\/wp-json\/wp\/v2\/media?parent=7428"}],"wp:term":[{"taxonomy":"category","embeddable":true,"href":"https:\/\/www.vitaldent.com\/blog\/wp-json\/wp\/v2\/categories?post=7428"},{"taxonomy":"post_tag","embeddable":true,"href":"https:\/\/www.vitaldent.com\/blog\/wp-json\/wp\/v2\/tags?post=7428"}],"curies":[{"name":"wp","href":"https:\/\/api.w.org\/{rel}","templated":true}]}}