{"id":7390,"date":"2022-01-10T08:50:00","date_gmt":"2022-01-10T06:50:00","guid":{"rendered":"https:\/\/www.vitaldent.com\/blog\/sabes-como-bajar-un-flemon\/"},"modified":"2026-03-04T01:05:00","modified_gmt":"2026-03-04T01:05:00","slug":"sabes-como-bajar-un-flemon","status":"publish","type":"post","link":"https:\/\/www.vitaldent.com\/blog\/sabes-como-bajar-un-flemon\/","title":{"rendered":"\u00bfC\u00f3mo bajar un flemo\u0301n dental?"},"content":{"rendered":"\n<p>Para poder<strong> bajar un flem\u00f3n dental r\u00e1pidamente <\/strong>es fundamental una intervenci\u00f3n temprana. De esa manera, se podr\u00e1 disminuir la carga bacteriana del flem\u00f3n y eliminar el pus presente.<\/p>\n\n\n\n<p>Para ello, el paciente debe<strong> ir al odont\u00f3logo<\/strong> <strong>de urgencia<\/strong>. Una vez en la consulta, el profesional aplicar\u00e1 tratamiento farmacol\u00f3gico y quir\u00fargico.<\/p>\n\n\n\n<p>Con el objetivo de aclarar todo este proceso, en el art\u00edculo de hoy te vamos a contar cu\u00e1les son los s\u00edntomas del flem\u00f3n, c\u00f3mo se cura y cu\u00e1l es la manera m\u00e1s eficaz de prevenir su aparici\u00f3n.<\/p>\n\n\n\r\n<div class=\"key-takeaways\">\r\n            <h2 class=\"key-takeaways__title\">\r\n            Puntos clave        <\/h2>\r\n        <div class=\"key-takeaways__content richtext\">\r\n        <ul>\n<li>Pide una valoraci\u00f3n urgente si notas un flem\u00f3n en la boca. Cuanto antes te vea el dentista, antes bajar\u00e1n la infecci\u00f3n y el dolor.<\/li>\n<li>En ocasiones, es necesario aplicar antibi\u00f3tico, antiinflamatorio y drenaje. As\u00ed se elimina el pus y se resuelve el foco de la infecci\u00f3n.<\/li>\n<li>Evita complicar el pron\u00f3stico: no \u201crevientes\u201d el flem\u00f3n ni te automediques. Sigue las pautas profesionales y mant\u00e9n una buena higiene oral.<\/li>\n<li>Prev\u00e9n nuevos flemones con cepillado, hilo dental y revisiones peri\u00f3dicas. Adem\u00e1s, trata caries y problemas de enc\u00edas a tiempo.<\/li>\n<\/ul>\n    <\/div>\r\n<\/div>\n\n\n<h2 class=\"wp-block-heading\">\u00bfQu\u00e9 es el flem\u00f3n en la boca o absceso dental?<\/h2>\n\n\n\n<p>Un flem\u00f3n en la boca es una <strong>bolsa de pus <\/strong>que se forma en una zona de la cavidad oral, normalmente junto a un diente o en la enc\u00eda. Generalmente, tiene su origen en una infecci\u00f3n pr\u00f3xima (<strong>absceso dental<\/strong>).<\/p>\n\n\n\n<h2 class=\"wp-block-heading\"><a><\/a>\u00bfPor qu\u00e9 aparece el flem\u00f3n en la boca?<\/h2>\n\n\n\n<p><strong>Las causas<\/strong> por las que puede aparecer el flem\u00f3n son las siguientes:<\/p>\n\n\n\n<ul class=\"wp-block-list\">\n<li><a href=\"https:\/\/www.vitaldent.com\/es\/caries-dentales\/\"><strong>Caries no tratadas<\/strong><\/a>: la infecci\u00f3n producida por la propia caries alcanza la pulpa (parte m\u00e1s interna del diente que contiene el nervio) y forma un dep\u00f3sito de pus -o absceso- alrededor de la pieza dental infectada.<\/li>\n\n\n\n<li><strong>Enfermedad periodontal:<\/strong> la <a href=\"https:\/\/www.vitaldent.com\/blog\/que-es-la-periodontitis-y-como-se-trata\/\">periodontitis<\/a> provoca una infecci\u00f3n en las enc\u00edas, donde se crea el absceso (dep\u00f3sito de pus).<\/li>\n\n\n\n<li><a href=\"https:\/\/www.vitaldent.com\/blog\/que-hacer-ante-un-traumatismo-dental\/\"><strong>Traumatismos<\/strong><\/a>: cuando son graves y causan la <a href=\"https:\/\/www.vitaldent.com\/blog\/diente-roto-existe-solucion\/\">fractura del diente<\/a>, con la consiguiente infecci\u00f3n en la pulpa, se puede formar un flem\u00f3n.<\/li>\n<\/ul>\n\n\n\n<blockquote class=\"blockquote\">\n\n    <span class=\"blockquote__decor\"><\/span>\n\n    <p><\/p>\n\n    \n    <cite><\/cite>\n<\/blockquote>\n\n\n\n\n<blockquote class=\"blockquote\">\n\n    <span class=\"blockquote__decor\"><\/span>\n\n    <p>El flem\u00f3n puede producirse por la acumulaci\u00f3n de placa bacteriana y sarro.<\/p>\n\n    \n    <cite><\/cite>\n<\/blockquote>\n\n\n\n\n<h2 class=\"wp-block-heading\">\u00bfQu\u00e9 s\u00edntomas me puede provocar?<\/h2>\n\n\n\n<p>Presentar la <strong>cara hinchada por el flem\u00f3n<\/strong> suele ser el signo m\u00e1s llamativo de esta afecci\u00f3n. Y es que, cuando aparece el flem\u00f3n, se produce hinchaz\u00f3n en la zona afectada debido a la acumulaci\u00f3n de pus.<\/p>\n\n\n\n<p>Dicho esto, los s\u00edntomas pueden variar seg\u00fan el caso de la persona y la gravedad del proceso.<\/p>\n\n\n\n<p>A continuaci\u00f3n, te contamos cu\u00e1les son los principales signos y <strong>s\u00edntomas del flem\u00f3n<\/strong>:<\/p>\n\n\n\n<ul class=\"wp-block-list\">\n<li><strong>Cara hinchada e inflamaci\u00f3n en la mejilla<\/strong>, sobre todo en la zona donde se localiza la infecci\u00f3n.<\/li>\n\n\n\n<li><strong>Dolor muy intenso<\/strong>: puede agravarse al tocar la zona, aunque suele manifestarse tambi\u00e9n de manera espont\u00e1nea.<\/li>\n\n\n\n<li><strong>Mal sabor de boca<\/strong>: en ocasiones, el l\u00edquido infeccioso sale ligeramente del flem\u00f3n, originando el mal sabor.<\/li>\n\n\n\n<li><a href=\"https:\/\/www.vitaldent.com\/es\/sensibilidad-dental\/\">Sensibilidad<\/a> en la zona al ingerir alimentos fr\u00edos o a la palpaci\u00f3n, lo que origina problemas para comer o, incluso, para abrir la boca.<\/li>\n\n\n\n<li>Limitaci\u00f3n de la apertura bucal (<a href=\"https:\/\/www.vitaldent.com\/blog\/trismus-dental-causas-y-tratamiento\/\"><strong>trismus<\/strong><\/a>).<\/li>\n\n\n\n<li>Limitaciones en los movimientos de la lengua, lo que tiene consecuencias en la degluci\u00f3n, la fonaci\u00f3n y la masticaci\u00f3n.<\/li>\n\n\n\n<li><a href=\"https:\/\/www.vitaldent.com\/es\/halitosis-o-mal-aliento\/\">Halitosis<\/a> o mal aliento.<\/li>\n\n\n\n<li>Asimetr\u00eda de la cara, debido a la hinchaz\u00f3n.<\/li>\n\n\n\n<li>Alteraci\u00f3n de la funci\u00f3n respiratoria, en los casos m\u00e1s graves.<\/li>\n\n\n\n<li><strong>Malestar general<\/strong> que puede ir acompa\u00f1ado de fiebre, debido al proceso infeccioso.<\/li>\n\n\n\n<li><strong>Fiebre.<\/strong><\/li>\n<\/ul>\n\n\n\r\n<div class=\"postcontent__banner\">\r\n    <div class=\"banner2\" >\r\n\r\n        <span class=\"banner2__text\">\r\n            Aprovecha ahora 600\u20ac de descuento en ortodoncia + blanqueamiento*        <\/span>\r\n                \r\n        <a href=\"https:\/\/clinicas.vitaldent.com\/?utm_source=google&#038;utm_medium=organic\" target=\"\" class=\"btn3\">\r\n            <img decoding=\"async\" src=\"\/wp-content\/uploads\/2024\/12\/te-llamamos.svg\" alt=\"\" role=\"presentation\">\r\n            Llama y pide tu cita        <\/a>\r\n    <\/div>\r\n<\/div>\n\n\n<h2 class=\"wp-block-heading\"><a><\/a>Tratamiento del flem\u00f3n: \u00bfc\u00f3mo bajar un flem\u00f3n?<\/h2>\n\n\n\n<p>A continuaci\u00f3n, te vamos a detallar los principales tratamientos para bajar un flem\u00f3n. En todos los casos, el objetivo es <strong>reducir las bacterias<\/strong>, <strong>drenar el pus<\/strong> y <strong>resolver el foco<\/strong> que lo provoca. Actuar <strong>r\u00e1pido<\/strong> evita complicaciones.<\/p>\n\n\n\n<h3 class=\"wp-block-heading\"><a><\/a>1- Terapia farmacol\u00f3gica<\/h3>\n\n\n\n<p>En la mayor\u00eda de los casos, el tratamiento para eliminar el flem\u00f3n pasa por <strong>medicaci\u00f3n antibi\u00f3tica<\/strong> -para reducir las bacterias y acabar con la infecci\u00f3n-, <strong>analg\u00e9sica<\/strong> -para calmar el dolor- y <strong>antiinflamatoria<\/strong> -para disminuir la hinchaz\u00f3n-.<\/p>\n\n\n\n<p>Una vez bajada la carga bacteriana con los medicamentos, y estabilizada la situaci\u00f3n, se planifica el tratamiento del diente afectado. Por lo general, dicho tratamiento consiste en una<a href=\"https:\/\/www.vitaldent.com\/es\/endodoncia-que-es\/\"><strong>endodoncia<\/strong><\/a> o la <strong>extracci\u00f3n de la pieza dental<\/strong>.<\/p>\n\n\n\n<h3 class=\"wp-block-heading\"><a><\/a>2- Terapia quir\u00fargica (cirug\u00eda)<\/h3>\n\n\n\n<p>Si la terapia farmacol\u00f3gica y el tratamiento dental de elecci\u00f3n (endodoncia, extracci\u00f3n o terapia periodontal) no resultan suficientes para bajar el flem\u00f3n, ser\u00e1 necesario realizar una cirug\u00eda.<\/p>\n\n\n\n<p>Para llevar a cabo dicha intervenci\u00f3n, el dentista har\u00e1 una incisi\u00f3n o aspiraci\u00f3n con aguja del l\u00edquido infectado del flem\u00f3n (<strong>pus<\/strong>). De esta manera, se drenar\u00e1 la zona y comenzar\u00e1 a bajar tanto la <strong>infecci\u00f3n<\/strong> como la sintomatolog\u00eda dolorosa que experimenta el paciente.<\/p>\n\n\n\n<p>En los flemones, la extensi\u00f3n de la infecci\u00f3n se desarrolla de manera relativamente r\u00e1pida. Por ello, y con el objetivo de evitar <strong>complicaciones m\u00e1s graves<\/strong>, resulta fundamental actuar cuanto antes. Y es que, si el flem\u00f3n no se trata y se deja avanzar la infecci\u00f3n, el paciente puede llegar a requerir <strong>terapia hospitalaria<\/strong>.<\/p>\n\n\n\n<h3 class=\"wp-block-heading\"><a><\/a>3- Prevenci\u00f3n<\/h3>\n\n\n\n<p>Las <strong>revisiones peri\u00f3dicas<\/strong> en el dentista son fundamentales para prevenir numerosas patolog\u00edas orales, as\u00ed como para mantener una buena salud general.<\/p>\n\n\n\n<p>Por tanto, lo m\u00e1s recomendable es <strong>acudir a la cl\u00ednica dental entre una y dos veces al a\u00f1o<\/strong>. As\u00ed, el odont\u00f3logo llevar\u00e1 a cabo una revisi\u00f3n general y el paciente podr\u00e1 someterse a una<a href=\"https:\/\/www.vitaldent.com\/es\/limpieza-dental-profesional-avanzada\/\"><strong>limpieza bucodental profesional<\/strong><\/a>. Mediante dicha higiene oral se pueden prevenir las principales causas del flem\u00f3n: caries y enfermedad periodontal.<\/p>\n\n\n\n<h2 class=\"wp-block-heading\"><a><\/a>\u00bfCu\u00e1nto suele durar un flem\u00f3n?<\/h2>\n\n\n\n<p>La duraci\u00f3n de un flem\u00f3n puede ser muy variable. Esto se debe a que el tiempo que tarda en curarse depende de su severidad y del plazo que tarde el antibi\u00f3tico en hacer efecto.<\/p>\n\n\n\n<p>En general, podemos decir que, una vez administrado el antibi\u00f3tico, <strong>y tratado el origen de la causa<\/strong>, el <strong>flem\u00f3n suele durar entre dos y cuatro d\u00edas<\/strong>.<\/p>\n\n\n\r\n<div class=\"postcontent__banner\">\r\n    <div class=\"banner2\" >\r\n\r\n        <span class=\"banner2__text\">\r\n            \u00bfTienes un flem\u00f3n en la boca?        <\/span>\r\n                \r\n        <a href=\"https:\/\/clinicas.vitaldent.com\/?_gl=1*955ynu*_ga*MTE5MTI0ODM0Ni4xNzA3OTA2OTgw*_ga_23CNEY11BV*MTcxODE5MDcxNC4xMjcuMS4xNzE4MTkxNTAwLjAuMC4xMjI1Nzg1Mzgz\" target=\"\" class=\"btn3\">\r\n            <img decoding=\"async\" src=\"\/wp-content\/uploads\/2024\/12\/te-llamamos.svg\" alt=\"\" role=\"presentation\">\r\n            Pide una cita urgente        <\/a>\r\n    <\/div>\r\n<\/div>\n\n\n<h2 class=\"wp-block-heading\"><a><\/a>\u00bfC\u00f3mo puedo evitar que aparezca?<\/h2>\n\n\n\n<p>Para <strong>evitar la aparici\u00f3n de flemones<\/strong>, o de cualquier infecci\u00f3n dental, debes seguir una serie de consejos:<\/p>\n\n\n\n<ul class=\"wp-block-list\">\n<li><strong>Mantener una higiene bucodental exhaustiva<\/strong>, realizando siempre un cepillado de al menos dos minutos despu\u00e9s de cada comida. Dicho cepillado debe ir acompa\u00f1ado de hilo dental una vez al d\u00eda.<\/li>\n\n\n\n<li><strong>Realizar<\/strong> <strong>visitas regulares al dentista<\/strong> para que haga una revisi\u00f3n general. Se debe acudir al profesional, como m\u00ednimo, una vez al a\u00f1o.<\/li>\n\n\n\n<li><strong>Permanecer atento a la salud oral y<\/strong> <strong>autoexplorarse la boca <\/strong>para advertir cualquier cambio repentino. Ante la aparici\u00f3n de signos extra\u00f1os (<a href=\"https:\/\/www.vitaldent.com\/blog\/bulto-en-la-encia-que-es-y-como-tratarlo\/\">bultos<\/a>, heridas\u2026) que persisten m\u00e1s de dos semanas se debe acudir al dentista.<\/li>\n<\/ul>\n\n\n\n<h2 class=\"wp-block-heading\"><a><\/a>\u00bfExisten remedios caseros para reducir la inflamaci\u00f3n?<\/h2>\n\n\n\n<p>El flem\u00f3n requiere, en todos los casos, <strong>tratamiento odontol\u00f3gico profesional<\/strong>. Es decir, una vez que aparece, <strong>no hay ning\u00fan remedio casero o soluci\u00f3n natural capaz de curarlo<\/strong>. Por ello, es necesario acudir al dentista cuanto antes.<\/p>\n\n\n\n<p>Hoy en d\u00eda, en Internet podr\u00e1s encontrar multitud de p\u00e1ginas que contienen una gran cantidad de <strong>remedios caseros para bajar un flem\u00f3n<\/strong>.<\/p>\n\n\n\n<p>Sin embargo, recurrir a ellos solamente har\u00e1 que pierdas el tiempo y postergues la verdadera soluci\u00f3n. Por tanto, cuanto antes te pongas en manos del dentista, antes eliminar\u00e1s tu patolog\u00eda y evitar\u00e1s que derive en problemas mayores. Adem\u00e1s, queremos resaltar que est\u00e1 totalmente <strong>contraindicado manipular o intentar \u201cexplotar\u201d el flem\u00f3n<\/strong>.<\/p>\n\n\n\n<p><strong>Act\u00faa hoy<\/strong>: si necesitas nuestra ayuda, puedes llamar a las cl\u00ednicas dentales Vitaldent para ser valorado y tratado por un odont\u00f3logo experimentado en tu caso. Contamos con cl\u00ednicas en, pr\u00e1cticamente, toda Espa\u00f1a y horarios amplios e ininterrumpidos para tratar problemas dentales de manera urgente. <strong>Ll\u00e1manos ya para que te demos una cita prioritaria<\/strong>.<\/p>\n","protected":false},"excerpt":{"rendered":"<p>Para poder bajar un flem\u00f3n dental r\u00e1pidamente es fundamental una intervenci\u00f3n temprana. De esa manera, se podr\u00e1 disminuir la carga bacteriana del flem\u00f3n y eliminar el pus presente. Para ello, el paciente debe ir al odont\u00f3logo de urgencia. Una vez en la consulta, el profesional aplicar\u00e1 tratamiento farmacol\u00f3gico y quir\u00fargico. Con el objetivo de aclarar [&hellip;]<\/p>\n","protected":false},"author":9,"featured_media":9592,"comment_status":"open","ping_status":"open","sticky":false,"template":"","format":"standard","meta":{"_acf_changed":false,"_stopmodifiedupdate":true,"_modified_date":"","footnotes":""},"categories":[6],"tags":[54],"class_list":["post-7390","post","type-post","status-publish","format-standard","has-post-thumbnail","hentry","category-tratamientos-dentales","tag-odontologia"],"acf":[],"yoast_head":"<!-- This site is optimized with the Yoast SEO plugin v27.4 - https:\/\/yoast.com\/product\/yoast-seo-wordpress\/ -->\n<title>\u00bfC\u00f3mo bajar un flemo\u0301n dental r\u00e1pidamente? | Vitaldent<\/title>\n<meta name=\"description\" content=\"El flem\u00f3n requiere una atenci\u00f3n urgente para que no derive en problemas bucodentales graves. Para tratarlo, existen diferentes opciones...\" \/>\n<meta name=\"robots\" content=\"index, follow, max-snippet:-1, max-image-preview:large, max-video-preview:-1\" \/>\n<link rel=\"canonical\" href=\"https:\/\/www.vitaldent.com\/blog\/sabes-como-bajar-un-flemon\/\" \/>\n<meta property=\"og:locale\" content=\"es_ES\" \/>\n<meta property=\"og:type\" content=\"article\" \/>\n<meta property=\"og:title\" content=\"\u00bfC\u00f3mo bajar un flemo\u0301n dental r\u00e1pidamente? | Vitaldent\" \/>\n<meta property=\"og:description\" content=\"El flem\u00f3n requiere una atenci\u00f3n urgente para que no derive en problemas bucodentales graves. Para tratarlo, existen diferentes opciones...\" \/>\n<meta property=\"og:url\" content=\"https:\/\/www.vitaldent.com\/blog\/sabes-como-bajar-un-flemon\/\" \/>\n<meta property=\"og:site_name\" content=\"El blog de Vitaldent | H\u00e1bitos, tratamientos y consejos de Salud Dental\" \/>\n<meta property=\"article:published_time\" content=\"2022-01-10T06:50:00+00:00\" \/>\n<meta property=\"article:modified_time\" content=\"2026-03-04T01:05:00+00:00\" \/>\n<meta property=\"og:image\" content=\"https:\/\/www.vitaldent.com\/blog\/wp-content\/uploads\/2020\/02\/flemon-en-la-boca.jpeg\" \/>\n\t<meta property=\"og:image:width\" content=\"500\" \/>\n\t<meta property=\"og:image:height\" content=\"334\" \/>\n\t<meta property=\"og:image:type\" content=\"image\/jpeg\" \/>\n<meta name=\"author\" content=\"Dr. Rafael Alvarado\" \/>\n<meta name=\"twitter:card\" content=\"summary_large_image\" \/>\n<meta name=\"twitter:label1\" content=\"Escrito por\" \/>\n\t<meta name=\"twitter:data1\" content=\"Dr. Rafael Alvarado\" \/>\n\t<meta name=\"twitter:label2\" content=\"Tiempo de lectura\" \/>\n\t<meta name=\"twitter:data2\" content=\"7 minutos\" \/>\n<!-- \/ Yoast SEO plugin. -->","yoast_head_json":{"title":"\u00bfC\u00f3mo bajar un flemo\u0301n dental r\u00e1pidamente? | Vitaldent","description":"El flem\u00f3n requiere una atenci\u00f3n urgente para que no derive en problemas bucodentales graves. Para tratarlo, existen diferentes opciones...","robots":{"index":"index","follow":"follow","max-snippet":"max-snippet:-1","max-image-preview":"max-image-preview:large","max-video-preview":"max-video-preview:-1"},"canonical":"https:\/\/www.vitaldent.com\/blog\/sabes-como-bajar-un-flemon\/","og_locale":"es_ES","og_type":"article","og_title":"\u00bfC\u00f3mo bajar un flemo\u0301n dental r\u00e1pidamente? | Vitaldent","og_description":"El flem\u00f3n requiere una atenci\u00f3n urgente para que no derive en problemas bucodentales graves. Para tratarlo, existen diferentes opciones...","og_url":"https:\/\/www.vitaldent.com\/blog\/sabes-como-bajar-un-flemon\/","og_site_name":"El blog de Vitaldent | H\u00e1bitos, tratamientos y consejos de Salud Dental","article_published_time":"2022-01-10T06:50:00+00:00","article_modified_time":"2026-03-04T01:05:00+00:00","og_image":[{"width":500,"height":334,"url":"https:\/\/www.vitaldent.com\/blog\/wp-content\/uploads\/2020\/02\/flemon-en-la-boca.jpeg","type":"image\/jpeg"}],"author":"Dr. Rafael Alvarado","twitter_card":"summary_large_image","twitter_misc":{"Escrito por":"Dr. Rafael Alvarado","Tiempo de lectura":"7 minutos"},"schema":{"@context":"https:\/\/schema.org","@graph":[{"@type":"Article","@id":"https:\/\/www.vitaldent.com\/blog\/sabes-como-bajar-un-flemon\/#article","isPartOf":{"@id":"https:\/\/www.vitaldent.com\/blog\/sabes-como-bajar-un-flemon\/"},"author":{"name":"Dr. Rafael Alvarado","@id":"https:\/\/www.vitaldent.com\/blog\/#\/schema\/person\/0f775f5903e50b3cb7cd0dfa43a7b37d"},"headline":"\u00bfC\u00f3mo bajar un flemo\u0301n dental?","datePublished":"2022-01-10T06:50:00+00:00","dateModified":"2026-03-04T01:05:00+00:00","mainEntityOfPage":{"@id":"https:\/\/www.vitaldent.com\/blog\/sabes-como-bajar-un-flemon\/"},"wordCount":1255,"commentCount":0,"image":{"@id":"https:\/\/www.vitaldent.com\/blog\/sabes-como-bajar-un-flemon\/#primaryimage"},"thumbnailUrl":"https:\/\/www.vitaldent.com\/blog\/wp-content\/uploads\/2020\/02\/flemon-en-la-boca.jpeg","keywords":["Odontolog\u00eda"],"articleSection":["Tratamientos dentales"],"inLanguage":"es","potentialAction":[{"@type":"CommentAction","name":"Comment","target":["https:\/\/www.vitaldent.com\/blog\/sabes-como-bajar-un-flemon\/#respond"]}]},{"@type":["WebPage","MedicalWebPage"],"@id":"https:\/\/www.vitaldent.com\/blog\/sabes-como-bajar-un-flemon\/","url":"https:\/\/www.vitaldent.com\/blog\/sabes-como-bajar-un-flemon\/","name":"\u00bfC\u00f3mo bajar un flemo\u0301n dental r\u00e1pidamente? | Vitaldent","isPartOf":{"@id":"https:\/\/www.vitaldent.com\/blog\/#website"},"primaryImageOfPage":{"@id":"https:\/\/www.vitaldent.com\/blog\/sabes-como-bajar-un-flemon\/#primaryimage"},"image":{"@id":"https:\/\/www.vitaldent.com\/blog\/sabes-como-bajar-un-flemon\/#primaryimage"},"thumbnailUrl":"https:\/\/www.vitaldent.com\/blog\/wp-content\/uploads\/2020\/02\/flemon-en-la-boca.jpeg","datePublished":"2022-01-10T06:50:00+00:00","dateModified":"2026-03-04T01:05:00+00:00","author":{"@id":"https:\/\/www.vitaldent.com\/blog\/#\/schema\/person\/0f775f5903e50b3cb7cd0dfa43a7b37d"},"description":"El flem\u00f3n requiere una atenci\u00f3n urgente para que no derive en problemas bucodentales graves. Para tratarlo, existen diferentes opciones...","breadcrumb":{"@id":"https:\/\/www.vitaldent.com\/blog\/sabes-como-bajar-un-flemon\/#breadcrumb"},"inLanguage":"es","potentialAction":[{"@type":"ReadAction","target":["https:\/\/www.vitaldent.com\/blog\/sabes-como-bajar-un-flemon\/"]}]},{"@type":"ImageObject","inLanguage":"es","@id":"https:\/\/www.vitaldent.com\/blog\/sabes-como-bajar-un-flemon\/#primaryimage","url":"https:\/\/www.vitaldent.com\/blog\/wp-content\/uploads\/2020\/02\/flemon-en-la-boca.jpeg","contentUrl":"https:\/\/www.vitaldent.com\/blog\/wp-content\/uploads\/2020\/02\/flemon-en-la-boca.jpeg","width":500,"height":334,"caption":"bajar flemon"},{"@type":"BreadcrumbList","@id":"https:\/\/www.vitaldent.com\/blog\/sabes-como-bajar-un-flemon\/#breadcrumb","itemListElement":[{"@type":"ListItem","position":1,"name":"Home","item":"https:\/\/www.vitaldent.com\/blog\/"},{"@type":"ListItem","position":2,"name":"\u00bfC\u00f3mo bajar un flemo\u0301n dental?"}]},{"@type":"WebSite","@id":"https:\/\/www.vitaldent.com\/blog\/#website","url":"https:\/\/www.vitaldent.com\/blog\/","name":"El blog de Vitaldent | H\u00e1bitos, tratamientos y consejos de Salud Dental","description":"El blog en el que encontrar\u00e1s h\u00e1bitos, tratamientos y consejos de salud dental","potentialAction":[{"@type":"SearchAction","target":{"@type":"EntryPoint","urlTemplate":"https:\/\/www.vitaldent.com\/blog\/?s={search_term_string}"},"query-input":{"@type":"PropertyValueSpecification","valueRequired":true,"valueName":"search_term_string"}}],"inLanguage":"es"},{"@type":"Person","@id":"https:\/\/www.vitaldent.com\/blog\/#\/schema\/person\/0f775f5903e50b3cb7cd0dfa43a7b37d","name":"Dr. Rafael Alvarado","image":{"@type":"ImageObject","inLanguage":"es","@id":"https:\/\/secure.gravatar.com\/avatar\/7d0198b960b84cb1222c90f031fa6300485552519fb9e98417e187a9752aa73f?s=96&d=mm&r=g","url":"https:\/\/secure.gravatar.com\/avatar\/7d0198b960b84cb1222c90f031fa6300485552519fb9e98417e187a9752aa73f?s=96&d=mm&r=g","contentUrl":"https:\/\/secure.gravatar.com\/avatar\/7d0198b960b84cb1222c90f031fa6300485552519fb9e98417e187a9752aa73f?s=96&d=mm&r=g","caption":"Dr. Rafael Alvarado"},"description":"Rafael Alvarado es coordinador m\u00e9dico del \u00e1rea de Cirug\u00eda e Implantolog\u00eda de Donte Group. Es licenciado en Odontolog\u00eda por la Universidad Complutense de Madrid, y m\u00e1ster en Cirug\u00eda, Periodoncia y Rehabilitaci\u00f3n en Implantolog\u00eda por la Universidad Cat\u00f3lica San Antonio de Murcia. Est\u00e1 formado en nuevas tecnolog\u00edas en cirug\u00eda oral, donde ha desarrollado t\u00e9cnicas destinadas a ofrecer tratamientos m\u00e1s predecibles y mejorar la calidad asistencial. Ha desempe\u00f1ado labores de coordinaci\u00f3n m\u00e9dica en multinacionales del sector dental, liderando grandes equipos m\u00e9dicos, asesorando y resolviendo casos complejos, desarrollando protocolos de actuaci\u00f3n y formando a m\u00e1s de un millar de odont\u00f3logos. Formaci\u00f3n \u2022 Licenciado en odontolog\u00eda por la universidad Complutense de Madrid \u2022 M\u00e1ster de Cirug\u00eda, Periodoncia y Rehabilitaci\u00f3n en Implantolog\u00eda por la UCAM Otros cursos y certificaciones \u2022 Diploma internacional quir\u00fargico en t\u00e9cnica de regeneraci\u00f3n \u00f3sea Khoury - Universidad FACOP \u2022 Diploma internacional quir\u00fargico en regeneraciones \u00f3seas avanzadas en senos maxilares - Universidad ILAPEO \u2022 Diploma internacional quir\u00fargico en implantes cigom\u00e1ticos \u2013 Cl\u00ednica CenCro \u2022 Diploma quir\u00fargico implantes cigom\u00e1ticos guiados \u2013 Mayo Dental Barcelona \u2022 Diploma Perito Judicial Odontol\u00f3gico \u2022 Diploma Director de centros e instalaciones de radiodiagn\u00f3stico. \u2022 Diploma en t\u00e9cnicas de venopunci\u00f3n, uso y aplicaciones de Fibrina Rica en Plaquetas y Leucocitos L-PRF\u00ae \u2022 Curso cirug\u00eda implantol\u00f3gica guiada \u2022 Curso regeneraci\u00f3n \u00f3sea avanzada horizontal y vertical con membranas \u2022 Curso cirug\u00eda de manejo de tejidos blandos en dientes e implantes MZM \u2022 Curso dise\u00f1o de sonrisa Smilecloud \u2022 Curso en implantes inmediatos postextracci\u00f3n y carga inmediata \u2022 Curso de trasplantes dentarios \u2022 Curso de microtornillos aplicados a ortodoncia \u2022 Curso de mallas customizadas subperi\u00f3sticas \u2022 Curso de tratamiento de la periimplantitis \u2022 Curso Rehabilitaci\u00f3n Neuro-oclusal \u2022 Dictante de cursos de cirug\u00eda guiada e implantes inmediatos \u2022 Formaci\u00f3n continua asistiendo a cursos y congresos de la especialidad de cirug\u00eda, implantolog\u00eda y prostodoncia Sociedades cient\u00edficas \u2022 Miembro de la Sociedad Espa\u00f1ola de Periodoncia y Osteointegraci\u00f3n (SEPA) \u2022 Miembro de la Sociedad Espa\u00f1ola de Cirug\u00eda Bucal (SECIB)","sameAs":["https:\/\/www.linkedin.com\/in\/rafael-alvarado-botev-18010b83\/?originalSubdomain=es"],"url":"https:\/\/www.vitaldent.com\/blog\/author\/dr-rafael-alvarado\/"}]}},"author_avatar_url":"https:\/\/www.vitaldent.com\/blog\/wp-content\/uploads\/2021\/08\/Foto-Dr-Rafael-Alvarado-1-e1628154884860.jpg","_links":{"self":[{"href":"https:\/\/www.vitaldent.com\/blog\/wp-json\/wp\/v2\/posts\/7390","targetHints":{"allow":["GET"]}}],"collection":[{"href":"https:\/\/www.vitaldent.com\/blog\/wp-json\/wp\/v2\/posts"}],"about":[{"href":"https:\/\/www.vitaldent.com\/blog\/wp-json\/wp\/v2\/types\/post"}],"author":[{"embeddable":true,"href":"https:\/\/www.vitaldent.com\/blog\/wp-json\/wp\/v2\/users\/9"}],"replies":[{"embeddable":true,"href":"https:\/\/www.vitaldent.com\/blog\/wp-json\/wp\/v2\/comments?post=7390"}],"version-history":[{"count":40,"href":"https:\/\/www.vitaldent.com\/blog\/wp-json\/wp\/v2\/posts\/7390\/revisions"}],"predecessor-version":[{"id":15055,"href":"https:\/\/www.vitaldent.com\/blog\/wp-json\/wp\/v2\/posts\/7390\/revisions\/15055"}],"wp:featuredmedia":[{"embeddable":true,"href":"https:\/\/www.vitaldent.com\/blog\/wp-json\/wp\/v2\/media\/9592"}],"wp:attachment":[{"href":"https:\/\/www.vitaldent.com\/blog\/wp-json\/wp\/v2\/media?parent=7390"}],"wp:term":[{"taxonomy":"category","embeddable":true,"href":"https:\/\/www.vitaldent.com\/blog\/wp-json\/wp\/v2\/categories?post=7390"},{"taxonomy":"post_tag","embeddable":true,"href":"https:\/\/www.vitaldent.com\/blog\/wp-json\/wp\/v2\/tags?post=7390"}],"curies":[{"name":"wp","href":"https:\/\/api.w.org\/{rel}","templated":true}]}}