{"id":7184,"date":"2020-02-13T10:50:30","date_gmt":"2020-02-13T08:50:30","guid":{"rendered":"https:\/\/www.vitaldent.com\/blog\/dientes-amarillos-en-ninos-donde-causa\/"},"modified":"2023-01-26T22:45:23","modified_gmt":"2023-01-26T20:45:23","slug":"dientes-amarillos-en-ninos-donde-causa","status":"publish","type":"post","link":"https:\/\/www.vitaldent.com\/blog\/dientes-amarillos-en-ninos-donde-causa\/","title":{"rendered":"\u00bfCu\u00e1les son las causas de los dientes amarillos en ni\u00f1os?"},"content":{"rendered":"\n<p>Los <strong>dientes amarillos en ni\u00f1os<\/strong> pueden estar causados por una serie de factores muy variados, como una higiene bucal deficiente, un traumatismo o alteraciones en el esmalte. Adem\u00e1s, algunas de estas causas pueden originarse en las primeras etapas de la vida, como en el embarazo. Otras, por su parte, corresponden a circunstancias que tienen lugar durante la <strong>ni\u00f1ez<\/strong>.<\/p>\n\n\n\n<p>Por ello, en el art\u00edculo de hoy, abordaremos las principales causas de los dientes amarillos en ni\u00f1os. Y, como no podr\u00eda ser de otra manera, te contaremos <strong>c\u00f3mo prevenir y solucionar<\/strong> este tipo de tinciones durante la <strong>infancia<\/strong>.<\/p>\n\n\n\n<h2 class=\"wp-block-heading\">Causas de dientes amarillos en ni\u00f1os<\/h2>\n\n\n\n<p>Las principales causas de los dientes amarillos en ni\u00f1os son las siguientes:<\/p>\n\n\n\n<h3 class=\"wp-block-heading\">1- Placa bacteriana y sarro<\/h3>\n\n\n\n<p>La acumulaci\u00f3n de placa bacteriana y sarro es la causa m\u00e1s habitual de los <strong>dientes amarillentos <\/strong>durante la infancia. Y es que, en el caso de los ni\u00f1os, hay que tener en cuenta que muchos no son capaces de cepillarse correctamente los dientes.<\/p>\n\n\n\n<p>De hecho, la recomendaci\u00f3n de los <strong>odontopediatras<\/strong> es que los ni\u00f1os se cepillen los dientes bajo la supervisi\u00f3n de un adulto hasta los siete u ocho a\u00f1os de edad. Si llevan a cabo el cepillado solos cuando son m\u00e1s peque\u00f1os, es muy probable que no realicen la limpieza dental correctamente, y que se acumule la placa bacteriana en la superficie dental.&nbsp;<\/p>\n\n\n\n<p>La placa bacteriana se origina por los restos de alimentos que no son eliminados tras las comidas. Tiene un color amarillento y tiende a localizarse en la cara externa e interna de los dientes. Si no se elimina, se solidifica y se convierte en sarro, lo que ya resulta imposible de eliminar durante el <strong>cepillado<\/strong>.&nbsp;<\/p>\n\n\n\n<h3 class=\"wp-block-heading\">2- Comidas y bebidas erosivas<\/h3>\n\n\n\n<p>El consumo de ciertos alimentos y bebidas tambi\u00e9n puede causar dientes amarillos en ni\u00f1os. Algunos ejemplos de ello son los <strong>c\u00edtricos<\/strong> (como el lim\u00f3n) o las bebidas carbonatadas.&nbsp;<\/p>\n\n\n\n<p>Este tipo de comidas y bebidas contienen sustancias abrasivas para la dentadura y erosionan el esmalte. Como consecuencia de la erosi\u00f3n del esmalte (que es la capa superficial del diente) puede comenzar a apreciarse la <strong>dentina<\/strong> (capa interna del diente que tiene un color amarillento).&nbsp;<\/p>\n\n\n\n<h3 class=\"wp-block-heading\">3- Aparatos de ortodoncia<\/h3>\n\n\n\n<p>Los tratamientos de ortodoncia tambi\u00e9n pueden contribuir a la <strong>pigmentaci\u00f3n amarilla de los dientes<\/strong>, debido a la falta de higiene.<\/p>\n\n\n\n<p>Y es que, los <a href=\"https:\/\/www.vitaldent.com\/es\/ortodoncia\/\">ni\u00f1os que llevan ortodoncia<\/a> suelen tener m\u00e1s dificultades para mantener una buena higiene oral. Esto se debe a que, debido a los <strong>brackets<\/strong>, hay zonas de los dientes que no son f\u00e1cilmente accesibles para el cepillo.<\/p>\n\n\n\n<p>Por tanto, cuando se llevan brackets, es fundamental extremar la higiene y cepillarse los dientes despu\u00e9s de cada comida.&nbsp;<\/p>\n\n\n\n<h3 class=\"wp-block-heading\">4- Fluorosis<\/h3>\n\n\n\n<p>La <a href=\"https:\/\/www.vitaldent.com\/blog\/manchas-blancas-en-el-esmalte-por-fluorosis-dental-en-ninos\/\">fluorosis es una alteraci\u00f3n en el esmalte<\/a> que puede causar <strong>mancha<\/strong>s de distintos tonos en la superficie del diente (blancas, amarillas o marrones).&nbsp;<\/p>\n\n\n\n<p>La causa de la fluorosis es una <strong>ingesta elevada de fl\u00faor<\/strong> en la infancia, durante el proceso de formaci\u00f3n del esmalte dental.&nbsp;<\/p>\n\n\n\n<h3 class=\"wp-block-heading\">5- Alteraciones cong\u00e9nitas o hereditarias<\/h3>\n\n\n\n<p>Las anomal\u00edas de origen cong\u00e9nito o hereditario que afectan a la <strong>dentina<\/strong> y al esmalte tambi\u00e9n pueden ser la causa de la coloraci\u00f3n amarilla de los dientes.&nbsp;<\/p>\n\n\n\n<p>Algunas de estas alteraciones se desarrollan durante el embarazo, como consecuencia de una alimentaci\u00f3n inadecuada o la presencia de <strong>infecciones<\/strong>.&nbsp;<\/p>\n\n\n\n<p>Por esto, y por muchas otras cuestiones, es fundamental que las mujeres sigan un estricto control ginecol\u00f3gico durante la <strong>gestaci\u00f3n<\/strong>.&nbsp;<\/p>\n\n\n\n<h3 class=\"wp-block-heading\">6- Traumatismos<\/h3>\n\n\n\n<p>Un golpe en la boca tambi\u00e9n puede ser la causa de los <strong>dientes amarillos en ni\u00f1os<\/strong>. Y es que, en algunas ocasiones, un traumatismo dental llega a producir una <strong>necrosis pulpar<\/strong>.&nbsp;<\/p>\n\n\n\n<p>Como consecuencia, la pulpa (parte interna del diente) \u201cmuere\u201d y va adquiriendo un color amarillento, marr\u00f3n o gris.&nbsp;<\/p>\n\n\n\n<h3 class=\"wp-block-heading\">7- Caries<\/h3>\n\n\n\n<p>En una fase inicial, las <a href=\"https:\/\/www.vitaldent.com\/blog\/caries-en-dientes-de-leche-importante-curar\/\">caries en los ni\u00f1os<\/a> tambi\u00e9n pueden manifestarse con unas <strong>peque\u00f1as manchas amarillas, <\/strong>blancas o marrones. Sin embargo, si una <a href=\"https:\/\/www.vitaldent.com\/es\/caries-dentales\/\">caries<\/a> incipiente no se trata debidamente, derivar\u00e1 en una lesi\u00f3n mayor.\u00a0<\/p>\n\n\n\n<p>En este caso, las manchas amarillas ser\u00e1n de un <strong>color cada vez m\u00e1s oscuro<\/strong>, hasta terminar siendo negras.<\/p>\n\n\n\n<h3 class=\"wp-block-heading\">8- Medicamentos<\/h3>\n\n\n\n<p>Existen determinados compuestos o <strong>f\u00e1rmacos <\/strong>que pueden te\u00f1ir de amarillo los dientes. Algunos ejemplos de ellos son los <strong>antibi\u00f3ticos<\/strong> o los enjuagues con<strong> clorhexidina<\/strong>.<\/p>\n\n\n\n<p>Para evitar esta consecuencia indeseada, es fundamental utilizar cualquier medicamento bajo prescripci\u00f3n m\u00e9dica, as\u00ed como respetar las dosis y la duraci\u00f3n pautadas.<\/p>\n\n\n\n<blockquote class=\"blockquote\">\n\n    <span class=\"blockquote__decor\"><\/span>\n\n    <p>Normalmente, los dientes amarillos en ni\u00f1os se pueden solucionar y prevenir con una mejora de la higiene bucodental. <\/p>\n\n    \n    <cite><\/cite>\n<\/blockquote>\n\n\n\n\n<h2 class=\"wp-block-heading\">\u00bfC\u00f3mo solucionar los dientes amarillos en ni\u00f1os?<\/h2>\n\n\n\n<p>Existen una serie de consejos para <strong>prevenir y solucionar<\/strong> los dientes amarillos en ni\u00f1os. Como ver\u00e1s a continuaci\u00f3n, la inmensa mayor\u00eda de ellos son muy sencillos de llevar a cabo:<\/p>\n\n\n\n<ul class=\"wp-block-list\">\n<li><strong>Mantener una buena limpieza dental:<\/strong> es fundamental cepillarse los dientes despu\u00e9s de cada comida, as\u00ed como supervisar la rutina de cepillado en ni\u00f1os menores de siete a\u00f1os. De esa manera, los padres se pueden asegurar de que sus hijos cepillan por igual todas las caras de los dientes.&nbsp;<\/li>\n\n\n\n<li><strong>Aprender la t\u00e9cnica de cepillado correcta<\/strong>: en muchas ocasiones, los padres tampoco conocen la rutina de cepillado \u00f3ptima. Por ese motivo, es muy aconsejable que visiten al odontopediatra y que este les asesore sobre c\u00f3mo deben cepillarse sus hijos los dientes correctamente. Por ejemplo, la t\u00e9cnica del cepillo manual es diferente a la del cepillo el\u00e9ctrico.<\/li>\n\n\n\n<li><strong>Hacerse higienes bucodentales en la cl\u00ednica<\/strong>: otra buena <strong>soluci\u00f3n para los dientes amarillos en ni\u00f1os<\/strong> es someterse a limpiezas dentales profesionales. Este tratamiento retira el sarro acumulado y elimina las manchas amarillas superficiales. Por ejemplo, aquellas que aparecen por tomar alimentos o bebidas con mucha coloraci\u00f3n (salsas de tomate, chocolate, refrescos de cola\u2026).<\/li>\n\n\n\n<li><strong>Recurrir a tratamientos preventivos contra la caries<\/strong>: las caries se pueden prevenir y tratar en sus fases iniciales. Algunas maneras de hacerlo es mediante tratamientos de Odontopediatr\u00eda como la fluorizaci\u00f3n o los selladores de surcos y fisuras.<\/li>\n\n\n\n<li><strong>Decantarse por la ortodoncia invisible<\/strong>: la <a href=\"https:\/\/www.vitaldent.com\/es\/ortodoncia-invisible\/\">ortodoncia invisible<\/a> est\u00e1 basada en unos alineadores transparentes de quita y pon. Dado que se retiran para comer y cepillar los dientes, no provocan la acumulaci\u00f3n de restos de alimentos, como ocurre con los brackets. Por tanto, los pacientes que llevan ortodoncia invisible son menos propensos a presentar placa y sarro.<\/li>\n\n\n\n<li><strong>Reducir la ingesta de sustancias que erosionan el esmalte<\/strong>: como ya hemos mencionado, hay algunos alimentos y bebidas que da\u00f1an los dientes (c\u00edtricos, refrescos\u2026).&nbsp;<\/li>\n<\/ul>\n\n\n\n<p>En los pacientes adultos, la primera soluci\u00f3n contra los dientes amarillos suele ser realizar un <a href=\"https:\/\/www.vitaldent.com\/es\/blanqueamiento-dental\/\"><strong>blanqueamiento dental<\/strong><\/a>. Sin embargo, este tratamiento est\u00e1 contraindicado en ni\u00f1os, ya que se hace a partir de los 16 a\u00f1os, aproximadamente.<\/p>\n\n\n\n<p>Lo normal es que, con los consejos anteriores, se solucione gran parte de la <strong>pigmentaci\u00f3n amarilla<\/strong> de los dientes. Te recomendamos que pongas en pr\u00e1ctica todas las recomendaciones que puedas llevar a cabo en casa; y que acudas a un odontopediatra para que te ayude con las que requieren el trabajo de un profesional.<\/p>\n","protected":false},"excerpt":{"rendered":"<p>Los dientes amarillos en ni\u00f1os pueden estar causados por una serie de factores muy variados, como una higiene bucal deficiente, un traumatismo o alteraciones en el esmalte. Adem\u00e1s, algunas de estas causas pueden originarse en las primeras etapas de la vida, como en el embarazo. Otras, por su parte, corresponden a circunstancias que tienen lugar [&hellip;]<\/p>\n","protected":false},"author":1,"featured_media":9854,"comment_status":"open","ping_status":"open","sticky":false,"template":"","format":"standard","meta":{"_acf_changed":false,"_stopmodifiedupdate":true,"_modified_date":"","footnotes":""},"categories":[10],"tags":[36,28,156],"class_list":["post-7184","post","type-post","status-publish","format-standard","has-post-thumbnail","hentry","category-cuidado-dental-infantil","tag-caries","tag-fluor","tag-ortodoncia-infantil"],"acf":[],"yoast_head":"<!-- This site is optimized with the Yoast SEO plugin v27.4 - https:\/\/yoast.com\/product\/yoast-seo-wordpress\/ -->\n<title>\u00bfCu\u00e1l es la causa de los dientes amarillos en ni\u00f1os? | Vitaldent<\/title>\n<meta name=\"description\" content=\"Los dientes amarillos en ni\u00f1os se deben a 8 causas fundamentalmente. Estas son la falta de cepillado, los traumatismos, las alteraciones...\" \/>\n<meta name=\"robots\" content=\"index, follow, max-snippet:-1, max-image-preview:large, max-video-preview:-1\" \/>\n<link rel=\"canonical\" href=\"https:\/\/www.vitaldent.com\/blog\/dientes-amarillos-en-ninos-donde-causa\/\" \/>\n<meta property=\"og:locale\" content=\"es_ES\" \/>\n<meta property=\"og:type\" content=\"article\" \/>\n<meta property=\"og:title\" content=\"\u00bfCu\u00e1l es la causa de los dientes amarillos en ni\u00f1os? | Vitaldent\" \/>\n<meta property=\"og:description\" content=\"Los dientes amarillos en ni\u00f1os se deben a 8 causas fundamentalmente. Estas son la falta de cepillado, los traumatismos, las alteraciones...\" \/>\n<meta property=\"og:url\" content=\"https:\/\/www.vitaldent.com\/blog\/dientes-amarillos-en-ninos-donde-causa\/\" \/>\n<meta property=\"og:site_name\" content=\"El blog de Vitaldent | H\u00e1bitos, tratamientos y consejos de Salud Dental\" \/>\n<meta property=\"article:author\" content=\"https:\/\/www.facebook.com\/vitaldentespana\" \/>\n<meta property=\"article:published_time\" content=\"2020-02-13T08:50:30+00:00\" \/>\n<meta property=\"article:modified_time\" content=\"2023-01-26T20:45:23+00:00\" \/>\n<meta property=\"og:image\" content=\"https:\/\/www.vitaldent.com\/blog\/wp-content\/uploads\/2021\/09\/20.-Nin\u0303os-dientes-amarillos.jpg\" \/>\n\t<meta property=\"og:image:width\" content=\"1000\" \/>\n\t<meta property=\"og:image:height\" content=\"667\" \/>\n\t<meta property=\"og:image:type\" content=\"image\/jpeg\" \/>\n<meta name=\"author\" content=\"Vitaldent\" \/>\n<meta name=\"twitter:card\" content=\"summary_large_image\" \/>\n<meta name=\"twitter:label1\" content=\"Escrito por\" \/>\n\t<meta name=\"twitter:data1\" content=\"Vitaldent\" \/>\n\t<meta name=\"twitter:label2\" content=\"Tiempo de lectura\" \/>\n\t<meta name=\"twitter:data2\" content=\"3 minutos\" \/>\n<!-- \/ Yoast SEO plugin. -->","yoast_head_json":{"title":"\u00bfCu\u00e1l es la causa de los dientes amarillos en ni\u00f1os? | Vitaldent","description":"Los dientes amarillos en ni\u00f1os se deben a 8 causas fundamentalmente. Estas son la falta de cepillado, los traumatismos, las alteraciones...","robots":{"index":"index","follow":"follow","max-snippet":"max-snippet:-1","max-image-preview":"max-image-preview:large","max-video-preview":"max-video-preview:-1"},"canonical":"https:\/\/www.vitaldent.com\/blog\/dientes-amarillos-en-ninos-donde-causa\/","og_locale":"es_ES","og_type":"article","og_title":"\u00bfCu\u00e1l es la causa de los dientes amarillos en ni\u00f1os? | Vitaldent","og_description":"Los dientes amarillos en ni\u00f1os se deben a 8 causas fundamentalmente. Estas son la falta de cepillado, los traumatismos, las alteraciones...","og_url":"https:\/\/www.vitaldent.com\/blog\/dientes-amarillos-en-ninos-donde-causa\/","og_site_name":"El blog de Vitaldent | H\u00e1bitos, tratamientos y consejos de Salud Dental","article_author":"https:\/\/www.facebook.com\/vitaldentespana","article_published_time":"2020-02-13T08:50:30+00:00","article_modified_time":"2023-01-26T20:45:23+00:00","og_image":[{"width":1000,"height":667,"url":"https:\/\/www.vitaldent.com\/blog\/wp-content\/uploads\/2021\/09\/20.-Nin\u0303os-dientes-amarillos.jpg","type":"image\/jpeg"}],"author":"Vitaldent","twitter_card":"summary_large_image","twitter_misc":{"Escrito por":"Vitaldent","Tiempo de lectura":"3 minutos"},"schema":{"@context":"https:\/\/schema.org","@graph":[{"@type":"Article","@id":"https:\/\/www.vitaldent.com\/blog\/dientes-amarillos-en-ninos-donde-causa\/#article","isPartOf":{"@id":"https:\/\/www.vitaldent.com\/blog\/dientes-amarillos-en-ninos-donde-causa\/"},"author":{"name":"Vitaldent","@id":"https:\/\/www.vitaldent.com\/blog\/#\/schema\/person\/17b7e21ececc9e6bf5d4e4ba4847db03"},"headline":"\u00bfCu\u00e1les son las causas de los dientes amarillos en ni\u00f1os?","datePublished":"2020-02-13T08:50:30+00:00","dateModified":"2023-01-26T20:45:23+00:00","mainEntityOfPage":{"@id":"https:\/\/www.vitaldent.com\/blog\/dientes-amarillos-en-ninos-donde-causa\/"},"wordCount":1222,"commentCount":0,"image":{"@id":"https:\/\/www.vitaldent.com\/blog\/dientes-amarillos-en-ninos-donde-causa\/#primaryimage"},"thumbnailUrl":"https:\/\/www.vitaldent.com\/blog\/wp-content\/uploads\/2021\/09\/20.-Nin\u0303os-dientes-amarillos.jpg","keywords":["Caries","Fl\u00faor","Ortodoncia infantil"],"articleSection":["Cuidado dental infantil"],"inLanguage":"es","potentialAction":[{"@type":"CommentAction","name":"Comment","target":["https:\/\/www.vitaldent.com\/blog\/dientes-amarillos-en-ninos-donde-causa\/#respond"]}]},{"@type":["WebPage","MedicalWebPage"],"@id":"https:\/\/www.vitaldent.com\/blog\/dientes-amarillos-en-ninos-donde-causa\/","url":"https:\/\/www.vitaldent.com\/blog\/dientes-amarillos-en-ninos-donde-causa\/","name":"\u00bfCu\u00e1l es la causa de los dientes amarillos en ni\u00f1os? | Vitaldent","isPartOf":{"@id":"https:\/\/www.vitaldent.com\/blog\/#website"},"primaryImageOfPage":{"@id":"https:\/\/www.vitaldent.com\/blog\/dientes-amarillos-en-ninos-donde-causa\/#primaryimage"},"image":{"@id":"https:\/\/www.vitaldent.com\/blog\/dientes-amarillos-en-ninos-donde-causa\/#primaryimage"},"thumbnailUrl":"https:\/\/www.vitaldent.com\/blog\/wp-content\/uploads\/2021\/09\/20.-Nin\u0303os-dientes-amarillos.jpg","datePublished":"2020-02-13T08:50:30+00:00","dateModified":"2023-01-26T20:45:23+00:00","author":{"@id":"https:\/\/www.vitaldent.com\/blog\/#\/schema\/person\/17b7e21ececc9e6bf5d4e4ba4847db03"},"description":"Los dientes amarillos en ni\u00f1os se deben a 8 causas fundamentalmente. Estas son la falta de cepillado, los traumatismos, las alteraciones...","breadcrumb":{"@id":"https:\/\/www.vitaldent.com\/blog\/dientes-amarillos-en-ninos-donde-causa\/#breadcrumb"},"inLanguage":"es","potentialAction":[{"@type":"ReadAction","target":["https:\/\/www.vitaldent.com\/blog\/dientes-amarillos-en-ninos-donde-causa\/"]}]},{"@type":"ImageObject","inLanguage":"es","@id":"https:\/\/www.vitaldent.com\/blog\/dientes-amarillos-en-ninos-donde-causa\/#primaryimage","url":"https:\/\/www.vitaldent.com\/blog\/wp-content\/uploads\/2021\/09\/20.-Nin\u0303os-dientes-amarillos.jpg","contentUrl":"https:\/\/www.vitaldent.com\/blog\/wp-content\/uploads\/2021\/09\/20.-Nin\u0303os-dientes-amarillos.jpg","width":1000,"height":667,"caption":"manchas ni\u00f1os dientes"},{"@type":"BreadcrumbList","@id":"https:\/\/www.vitaldent.com\/blog\/dientes-amarillos-en-ninos-donde-causa\/#breadcrumb","itemListElement":[{"@type":"ListItem","position":1,"name":"Home","item":"https:\/\/www.vitaldent.com\/blog\/"},{"@type":"ListItem","position":2,"name":"\u00bfCu\u00e1les son las causas de los dientes amarillos en ni\u00f1os?"}]},{"@type":"WebSite","@id":"https:\/\/www.vitaldent.com\/blog\/#website","url":"https:\/\/www.vitaldent.com\/blog\/","name":"El blog de Vitaldent | H\u00e1bitos, tratamientos y consejos de Salud Dental","description":"El blog en el que encontrar\u00e1s h\u00e1bitos, tratamientos y consejos de salud dental","potentialAction":[{"@type":"SearchAction","target":{"@type":"EntryPoint","urlTemplate":"https:\/\/www.vitaldent.com\/blog\/?s={search_term_string}"},"query-input":{"@type":"PropertyValueSpecification","valueRequired":true,"valueName":"search_term_string"}}],"inLanguage":"es"},{"@type":"Person","@id":"https:\/\/www.vitaldent.com\/blog\/#\/schema\/person\/17b7e21ececc9e6bf5d4e4ba4847db03","name":"Vitaldent","image":{"@type":"ImageObject","inLanguage":"es","@id":"https:\/\/secure.gravatar.com\/avatar\/d18accaea99ee2fd8bfd348a526bc44d129b4348f635f3aef99bb2c8267d4768?s=96&d=mm&r=g","url":"https:\/\/secure.gravatar.com\/avatar\/d18accaea99ee2fd8bfd348a526bc44d129b4348f635f3aef99bb2c8267d4768?s=96&d=mm&r=g","contentUrl":"https:\/\/secure.gravatar.com\/avatar\/d18accaea99ee2fd8bfd348a526bc44d129b4348f635f3aef99bb2c8267d4768?s=96&d=mm&r=g","caption":"Vitaldent"},"description":"Todos los art\u00edculos publicados en el blog de Vitaldent han superado un riguroso proceso editorial que garantiza la precisi\u00f3n, la veracidad y la calidad de la informaci\u00f3n. En dicho proceso editorial juega un papel fundamental la comisi\u00f3n m\u00e9dica de Vitaldent, formada por m\u00e9dicos y odont\u00f3logos altamente formados y experimentados en las distintas \u00e1reas de la Odontolog\u00eda: \u2022 Implantolog\u00eda. \u2022 Ortodoncia. \u2022 Prostodoncia. \u2022 Periodoncia. \u2022 Est\u00e9tica Dental. \u2022 Odontolog\u00eda General. La labor de la comisi\u00f3n m\u00e9dica de Vitaldent se centra en la revisi\u00f3n y la validaci\u00f3n del contenido, ya que sus miembros examinan meticulosamente cada texto antes de su publicaci\u00f3n. Dicho contenido se crea en colaboraci\u00f3n con un equipo de redactores especializados en el sector de la salud, que bajo las directrices de la comisi\u00f3n m\u00e9dica se encarga de investigar las tem\u00e1ticas y de desarrollar los contenidos con un enfoque \u00fatil y divulgativo, accesible para el p\u00fablico general. Este riguroso proceso editorial es fundamental para preservar la integridad, la veracidad y la calidad del contenido publicado en el blog. Por ello, cada uno de sus pasos es revisado con regularidad para poder mantener, actualizar y elevar los est\u00e1ndares de calidad. Conoce aqu\u00ed a nuestro equipo m\u00e9dico","sameAs":["https:\/\/www.facebook.com\/vitaldentespana","https:\/\/www.instagram.com\/vitaldent_es\/","https:\/\/www.linkedin.com\/company\/grupovitaldent\/","https:\/\/www.youtube.com\/user\/vitaldentespana"],"url":"https:\/\/www.vitaldent.com\/blog\/author\/equipo-vitaldent\/"}]}},"author_avatar_url":"https:\/\/www.vitaldent.com\/blog\/wp-content\/uploads\/2021\/07\/vitaldent_03-2.png","_links":{"self":[{"href":"https:\/\/www.vitaldent.com\/blog\/wp-json\/wp\/v2\/posts\/7184","targetHints":{"allow":["GET"]}}],"collection":[{"href":"https:\/\/www.vitaldent.com\/blog\/wp-json\/wp\/v2\/posts"}],"about":[{"href":"https:\/\/www.vitaldent.com\/blog\/wp-json\/wp\/v2\/types\/post"}],"author":[{"embeddable":true,"href":"https:\/\/www.vitaldent.com\/blog\/wp-json\/wp\/v2\/users\/1"}],"replies":[{"embeddable":true,"href":"https:\/\/www.vitaldent.com\/blog\/wp-json\/wp\/v2\/comments?post=7184"}],"version-history":[{"count":17,"href":"https:\/\/www.vitaldent.com\/blog\/wp-json\/wp\/v2\/posts\/7184\/revisions"}],"predecessor-version":[{"id":14092,"href":"https:\/\/www.vitaldent.com\/blog\/wp-json\/wp\/v2\/posts\/7184\/revisions\/14092"}],"wp:featuredmedia":[{"embeddable":true,"href":"https:\/\/www.vitaldent.com\/blog\/wp-json\/wp\/v2\/media\/9854"}],"wp:attachment":[{"href":"https:\/\/www.vitaldent.com\/blog\/wp-json\/wp\/v2\/media?parent=7184"}],"wp:term":[{"taxonomy":"category","embeddable":true,"href":"https:\/\/www.vitaldent.com\/blog\/wp-json\/wp\/v2\/categories?post=7184"},{"taxonomy":"post_tag","embeddable":true,"href":"https:\/\/www.vitaldent.com\/blog\/wp-json\/wp\/v2\/tags?post=7184"}],"curies":[{"name":"wp","href":"https:\/\/api.w.org\/{rel}","templated":true}]}}