{"id":14343,"date":"2025-03-24T10:10:00","date_gmt":"2025-03-24T08:10:00","guid":{"rendered":"https:\/\/www.vitaldent.com\/blog\/?p=14343"},"modified":"2026-01-12T12:46:00","modified_gmt":"2026-01-12T12:46:00","slug":"tratamiento-periodontal-que-es","status":"publish","type":"post","link":"https:\/\/www.vitaldent.com\/blog\/tratamiento-periodontal-que-es\/","title":{"rendered":"\u00bfQu\u00e9 es un tratamiento periodontal? \u00bfEs doloroso?"},"content":{"rendered":"\n<p>\u00bfSab\u00edas que un <strong>tratamiento periodontal <\/strong>es el que previene y trata las enfermedades que afectan a las enc\u00edas? Los casos m\u00e1s leves pueden controlarse con limpiezas profesionales en la cl\u00ednica, mientras que la presencia de biofilm y sarro subgingival (por debajo de la l\u00ednea de las enc\u00edas) requiere un tratamiento periodontal, en el que se emplean t\u00e9cnicas como el <a href=\"https:\/\/www.vitaldent.com\/blog\/raspado-dental-que-es-y-como-funciona\/\">raspado y alisado radicular<\/a>, llamado coloquialmente <a href=\"https:\/\/www.vitaldent.com\/blog\/curetaje-dental-que-es-como-se-hace-y-cada-cuanto-tiempo\/\">curetaje<\/a>. Sigue leyendo para saber m\u00e1s sobre estas t\u00e9cnicas y c\u00f3mo prevenir las afecciones gingivales.<\/p>\n\n\n\r\n<div class=\"key-takeaways\">\r\n            <h2 class=\"key-takeaways__title\">\r\n            Puntos clave        <\/h2>\r\n        <div class=\"key-takeaways__content richtext\">\r\n        <ul>\n<li>El tratamiento periodontal es un conjunto de t\u00e9cnicas que previenen y tratan las enfermedades de las enc\u00edas, que empiezan a manifestarse con inflamaci\u00f3n, enrojecimiento y sangrado.<\/li>\n<li>Las principales enfermedades de las enc\u00edas son dos: gingivitis (leve y reversible) y periodontitis (cr\u00f3nica e inflamatoria, con destrucci\u00f3n de los tejidos de soporte).<\/li>\n<li>Los procedimientos m\u00e1s habituales para tratar la gingivitis y la periodontitis son la limpieza bucodental profesional, el tratamiento periodontal no quir\u00fargico y la cirug\u00eda periodontal e casos necesarios.<\/li>\n<li>Las enfermedades de las enc\u00edas se pueden prevenir o frenar con una buena higiene diaria y limpiezas profesionales rutinarias, una adecuada alimentaci\u00f3n y evitando h\u00e1bitos como el tabaco y el alcohol.<\/li>\n<\/ul>\n    <\/div>\r\n<\/div>\n\n\n<h2 class=\"wp-block-heading\">\u00bfQu\u00e9 es un tratamiento periodontal?<\/h2>\n\n\n\n<p>El tratamiento periodontal es el conjunto de t\u00e9cnicas que tiene como objetivo prevenir y tratar la enfermedad de las enc\u00edas m\u00e1s grave: la <a href=\"https:\/\/www.vitaldent.com\/blog\/que-es-la-periodontitis-y-como-se-trata\/\">periodontitis<\/a>. Dichas t\u00e9cnicas est\u00e1n destinadas a <strong>eliminar bacterias, desinflamar la enc\u00eda y frenar la p\u00e9rdida de hueso<\/strong>.<\/p>\n\n\n\n<p>Ante un diagn\u00f3stico de periodontitis, en Vitaldent trabajamos con protocolos cl\u00ednicos y tecnolog\u00eda de diagn\u00f3stico (sondaje periodontal, radiograf\u00edas y, en ocasiones, TAC cuando est\u00e1 cl\u00ednicamente indicado) para <strong>medir la profundidad de las bolsas<\/strong> y planificar el abordaje m\u00e1s adecuado para cada caso.<\/p>\n\n\n\n<h2 class=\"wp-block-heading\"><a><\/a>S\u00edntomas comunes de las enfermedades periodontales<\/h2>\n\n\n\n<p>Las patolog\u00edas periodontales suelen manifestarse con las siguientes <strong>se\u00f1ales<\/strong>:<\/p>\n\n\n\n<ul class=\"wp-block-list\">\n<li><a href=\"https:\/\/www.vitaldent.com\/blog\/encias-inflamadas-tratamiento-saneamiento-integral-de-encias-gingivitis-periodontitis\/\"><strong>Inflamaci\u00f3n<\/strong><\/a><strong>: <\/strong>las enc\u00edas se hinchan y cubren una mayor superficie del diente.<\/li>\n\n\n\n<li><strong>Enrojecimiento:<\/strong> las enc\u00edas se muestran de color rojo brillante en lugar de rosado.<\/li>\n\n\n\n<li><strong>Sangrado: <\/strong>es frecuente durante el cepillado, al usar el hilo dental o al comer.<\/li>\n\n\n\n<li><strong>Mal aliento: <\/strong>la <a href=\"https:\/\/www.vitaldent.com\/es\/halitosis-o-mal-aliento\/\">halitosis<\/a> o el mal sabor de boca es frecuente en las afecciones gingivales.<\/li>\n\n\n\n<li><a href=\"https:\/\/www.vitaldent.com\/blog\/que-causa-la-encia-retraida\/\"><strong>Retracci\u00f3n<\/strong><\/a><strong>: <\/strong>a medida que la enfermedad avanza, las enc\u00edas se retraen hasta exponer la ra\u00edz del diente.<\/li>\n\n\n\n<li><a href=\"https:\/\/www.vitaldent.com\/blog\/dolor-de-encias\/\"><strong>Dolor de enc\u00edas<\/strong><\/a>. (aunque muchas periodontitis cursan sin dolor)<\/li>\n\n\n\n<li><strong>Movilidad, deterioro del hueso y p\u00e9rdida de la pieza dental: <\/strong>la periodontitis no tratada destruye el hueso alveolar (que sostiene el diente) y puede provocar la p\u00e9rdida de la pieza dental.<\/li>\n<\/ul>\n\n\n\r\n<div class=\"postcontent__banner\">\r\n    <div class=\"banner2\" >\r\n\r\n        <span class=\"banner2__text\">\r\n            Aprovecha ahora 600\u20ac de descuento en ortodoncia + blanqueamiento*        <\/span>\r\n                \r\n        <a href=\"https:\/\/clinicas.vitaldent.com\/?utm_source=google&#038;utm_medium=organic\" target=\"\" class=\"btn3\">\r\n            <img decoding=\"async\" src=\"\/wp-content\/uploads\/2024\/12\/te-llamamos.svg\" alt=\"\" role=\"presentation\">\r\n            Llama y pide tu cita        <\/a>\r\n    <\/div>\r\n<\/div>\n\n\n<h2 class=\"wp-block-heading\"><a><\/a>\u00bfQu\u00e9 riesgos hay en no tratar las enfermedades periodontales?<\/h2>\n\n\n\n<p>Un aviso importante acerca de las enfermedades de las enc\u00edas: <strong>posponer el tratamiento<\/strong> tiene consecuencias que suelen ir a m\u00e1s con el tiempo. Entre las principales:<\/p>\n\n\n\n<ul class=\"wp-block-list\">\n<li><strong>Progresi\u00f3n de gingivitis a periodontitis:<\/strong> la infecci\u00f3n pasa de tener una afectaci\u00f3n superficial (en la enc\u00eda) a comprometer seriamente el hueso que soporta el diente.<\/li>\n\n\n\n<li><strong>P\u00e9rdida de inserci\u00f3n y de hueso:<\/strong> con el tiempo aparece movilidad y riesgo de p\u00e9rdida dental.<\/li>\n\n\n\n<li><strong>Recesi\u00f3n gingival:<\/strong> los dientes se ven m\u00e1s largos y aumenta la <a href=\"https:\/\/www.vitaldent.com\/es\/sensibilidad-dental\/\">sensibilidad<\/a>.<\/li>\n\n\n\n<li><strong>Halitosis y sangrado persistente:<\/strong> afectan a la comodidad y la autoestima.<\/li>\n\n\n\n<li><strong>Impacto en otros tratamientos:<\/strong> la <a href=\"https:\/\/www.vitaldent.com\/es\/ortodoncia\/\">ortodonci<\/a><a href=\"https:\/\/www.vitaldent.com\/es\/ortodoncia\/\">a<\/a>, los <a href=\"https:\/\/www.vitaldent.com\/es\/implantes-dentales\/\">implantes<\/a> o las <a href=\"https:\/\/www.vitaldent.com\/es\/reconstruccion-dental\/\">reconstrucciones<\/a> requieren unas enc\u00edas sanas para funcionar bien. Si hay una periodontitis activa, se complica el pron\u00f3stico.<\/li>\n<\/ul>\n\n\n\n<p>Adem\u00e1s, las enfermedades periodontales se asocian \u2014a nivel epidemiol\u00f3gico\u2014 con un mayor riesgo de descompensaci\u00f3n de patolog\u00edas cardiovasculares, renales y respiratorias, as\u00ed como con partos prematuros. Tambi\u00e9n se conoce la estrecha relaci\u00f3n bidireccional entre periodontitis y diabetes, por lo que es importante mantener ambas condiciones bien controladas.<\/p>\n\n\n\n<blockquote class=\"blockquote\">\n\n    <span class=\"blockquote__decor\"><\/span>\n\n    <p>El tratamiento periodontal permite prevenir y controlar la periodontitis.<\/p>\n\n    \n    <cite><\/cite>\n<\/blockquote>\n\n\n\n\n<h2 class=\"wp-block-heading\">Fases del tratamiento periodontal<\/h2>\n\n\n\n<p>A continuaci\u00f3n, te resumimos el <strong>paso a paso <\/strong>del procedimiento:<\/p>\n\n\n\n<h3 class=\"wp-block-heading\"><a><\/a>Evaluaci\u00f3n inicial: examen cl\u00ednico y radiogr\u00e1fico<\/h3>\n\n\n\n<p>En primer lugar, el odont\u00f3logo realiza una exploraci\u00f3n bucodental y eval\u00faa la salud periodontal mediante una <strong>sonda<\/strong> que se introduce entre los dientes y la enc\u00eda. Con el sondaje se mide la profundidad de las <a href=\"https:\/\/www.vitaldent.com\/blog\/bolsas-periodontales-que-son-y-como-se-tratan\/\"><strong>bolsas periodontales<\/strong><\/a> (dep\u00f3sitos de bacterias situados por debajo de la l\u00ednea visible de las enc\u00edas) y el sangrado.<\/p>\n\n\n\n<p>Adem\u00e1s, se pueden hacer radiograf\u00edas para valorar la p\u00e9rdida de hueso y otros signos que ayudan a completar el diagn\u00f3stico periodontal.<\/p>\n\n\n\n<h3 class=\"wp-block-heading\"><a><\/a>Fase higi\u00e9nica: motivaci\u00f3n y refuerzo de h\u00e1bitos<\/h3>\n\n\n\n<p>En segundo lugar, es fundamental <strong>educar al paciente en t\u00e9cnicas de cepillado y rutinas de higiene oral<\/strong>, ya que el tratamiento periodontal debe complementarse con unos buenos h\u00e1bitos de limpieza en casa (cepillado adecuado, t\u00e9cnica correcta, uso de hilo dental\u2026). Sin una buena colaboraci\u00f3n del paciente en casa, la periodontitis reaparecer\u00e1 con el tiempo.<\/p>\n\n\n\n<h3 class=\"wp-block-heading\"><a><\/a>Tratamiento activo: procedimientos espec\u00edficos seg\u00fan el diagn\u00f3stico<\/h3>\n\n\n\n<p>A partir de la evaluaci\u00f3n inicial, el profesional define el tratamiento concreto que necesita el paciente. La periodontitis requiere llevar a cabo un <strong>raspado y alisado radicular<\/strong>, que consiste en hacer una desinfecci\u00f3n profunda, bajo anestesia local, con unos instrumentos llamados <strong>curetas<\/strong> para eliminar el sarro y la placa bacteriana acumulados bajo la l\u00ednea de las enc\u00edas (raspado). A continuaci\u00f3n, se pule la ra\u00edz del diente (alisado) para dificultar la adhesi\u00f3n y el ac\u00famulo de nuevas bacterias.<\/p>\n\n\n\n<p>En algunos casos, tambi\u00e9n se pauta una <strong>terapia coadyuvante con antibi\u00f3ticos<\/strong> <strong>y\/o antis\u00e9pticos<\/strong>. Por ejemplo, en determinadas ocasiones se prescribe <a href=\"https:\/\/www.vitaldent.com\/blog\/clorhexidina-para-que-sirve-y-porque-debe-usarse\/\"><strong>clorhexidina<\/strong><\/a> durante un tiempo determinado para ayudar a controlar la infecci\u00f3n.<\/p>\n\n\n\n<p>Si estas t\u00e9cnicas no son suficientes porque la cureta no permite acceder bien a las bolsas periodontales, lo que puede suceder porque la enfermedad periodontal est\u00e1 muy avanzada, puede ser necesario recurrir a una <a href=\"https:\/\/www.vitaldent.com\/blog\/que-es-la-cirugia-periodontal\/\"><strong>cirug\u00eda periodontal<\/strong><\/a>. Este puede tratarse de un procedimiento quir\u00fargico resectivo (se eliminan las bolsas y las bacterias) o regenerativo (adem\u00e1s de limpiar, se restaura la enc\u00eda o el hueso da\u00f1ados).<\/p>\n\n\n\n<h3 class=\"wp-block-heading\"><a><\/a>Mantenimiento periodontal: importancia de las revisiones regulares<\/h3>\n\n\n\n<p>Las visitas y las <a href=\"https:\/\/www.vitaldent.com\/es\/limpieza-dental-profesional-avanzada\/\"><strong>limpiezas bucodentales peri\u00f3dicas<\/strong><\/a> pautadas por el dentista, generalmente <strong>entre dos y tres veces al a\u00f1o<\/strong>, son fundamentales para mantener la enc\u00eda estable y prevenir reca\u00eddas.<\/p>\n\n\n\r\n<div class=\"postcontent__banner\">\r\n    <div class=\"banner2\" >\r\n\r\n        <span class=\"banner2__text\">\r\n            \u00bfNecesitas un tratamiento periodontal?        <\/span>\r\n                \r\n        <a href=\"https:\/\/clinicas.vitaldent.com\/?_gl=1*1fh22vi*_gcl_au*MTEwMzc5OTUxMi4xNzM3NjM5NzQz*FPAU*MTEwMzc5OTUxMi4xNzM3NjM5NzQz*_ga*MTI0NTYzNTcwMS4xNzI4NjM2NTE1*_ga_23CNEY11BV*MTc0MDczNjM4My41Ny4xLjE3NDA3MzcwNTMuMC4wLjE4Mjg0NDkwMjM.\" target=\"\" class=\"btn3\">\r\n            <img decoding=\"async\" src=\"\/wp-content\/uploads\/2024\/12\/te-llamamos.svg\" alt=\"\" role=\"presentation\">\r\n            Pide cita aqu\u00ed        <\/a>\r\n    <\/div>\r\n<\/div>\n\n\n<h2 class=\"wp-block-heading\">Cuidados despu\u00e9s de un tratamiento periodontal<\/h2>\n\n\n\n<p>La clave para consolidar los resultados est\u00e1 en lo que haces en casa los primeros d\u00edas y a largo plazo. Estos consejos te ayudar\u00e1n a recuperarte despu\u00e9s del tratamiento:<\/p>\n\n\n\n<ul class=\"wp-block-list\">\n<li><strong>Toma la<\/strong> <strong>medicaci\u00f3n analg\u00e9sica, antiinflamatoria o antibi\u00f3tica<\/strong> que te prescriba el odont\u00f3logo.<\/li>\n\n\n\n<li><strong>Practica una higiene suave en las primeras 24-48 horas:<\/strong> usa tanto el cepillo como el hilo dental, con especial cuidado en la zona tratada. En ning\u00fan caso dejes de cepillarte, ya que la falta de higiene podr\u00eda desencadenar una infecci\u00f3n. Si te parece m\u00e1s c\u00f3modo, puedes usar un cepillo quir\u00fargico o de filamentos suaves.<\/li>\n\n\n\n<li><strong>Sigue una dieta blanda<\/strong> hasta que desaparezcan las molestias. Prioriza las texturas blandas y evita los alimentos muy duros, calientes, picantes y crujientes los primeros d\u00edas.<\/li>\n\n\n\n<li><strong>Evita el tabaco y el alcohol <\/strong>para favorecer la curaci\u00f3n de la zona.<\/li>\n\n\n\n<li><strong>Llama a la cl\u00ednica dental si notas alguna se\u00f1al de alarma<\/strong>: sangrado que no cede, dolor intenso que no mejora con medicaci\u00f3n, fiebre o inflamaci\u00f3n progresiva.<\/li>\n<\/ul>\n\n\n\n<h2 class=\"wp-block-heading\"><a><\/a>\u00bfEs doloroso el tratamiento?<\/h2>\n\n\n\n<p>El tratamiento periodontal <strong>se realiza con anestesia local<\/strong>, por lo que <strong>solo se debe sentir presi\u00f3n<\/strong>. Despu\u00e9s, es normal notar <strong>molestias leves<\/strong> uno o dos d\u00edas, en funci\u00f3n del grado de sensibilidad de cada persona. Dichas molestias se pueden aliviar con los consejos del odont\u00f3logo y la prescripci\u00f3n de f\u00e1rmacos analg\u00e9sicos y antiinflamatorios.<\/p>\n\n\n\n<h2 class=\"wp-block-heading\"><a><\/a>\u00bfSe puede prevenir?<\/h2>\n\n\n\n<p>Aunque existe una predisposici\u00f3n gen\u00e9tica a padecer enfermedades periodontales, la periodontitis se puede <strong>prevenir y controlar<\/strong> con constancia. A continuaci\u00f3n, te dejamos las principales recomendaciones:<\/p>\n\n\n\n<ul class=\"wp-block-list\">\n<li><strong>Mant\u00e9n una buena higiene diaria<\/strong>: cep\u00edllate los dientes tres veces al d\u00eda, durante al menos dos minutos y con la t\u00e9cnica correcta (movimientos de barrido de la enc\u00eda al diente).<\/li>\n\n\n\n<li><strong>Usa hilo dental o cepillos interdentales<\/strong>: la limpieza interdental debe ser diaria. Se puede usar hilo o cepillos interproximales, en funci\u00f3n del espacio que hay entre diente y diente y de la recomendaci\u00f3n del dentista.<\/li>\n\n\n\n<li><strong>Acude a las limpiezas profesionales y visitas peri\u00f3dicas<\/strong> pautadas por tu dentista.<\/li>\n\n\n\n<li><strong>Evita el tabaco y el alcohol<\/strong>: estos dos h\u00e1bitos empeoran la salud de las enc\u00edas.<\/li>\n\n\n\n<li><strong>No abuses del az\u00facar y consume verduras frescas a diario<\/strong>.<\/li>\n\n\n\n<li><strong>Controla cualquier enfermedad sist\u00e9mica <\/strong>que tengas, como la diabetes.<\/li>\n<\/ul>\n\n\n\n<h2 class=\"wp-block-heading\"><a><\/a>Tratamientos dentales con enfermedad periodontal<\/h2>\n\n\n\n<p>\u00bfPuedes llevar a cabo otros tratamientos si tienes periodontitis? S\u00ed, pero con orden:<\/p>\n\n\n\n<ul class=\"wp-block-list\">\n<li><strong>Ortodoncia: <\/strong>no se debe iniciar un tratamiento de ortodoncia cuando el paciente padece una enfermedad periodontal activa, es decir, con inflamaci\u00f3n o infecci\u00f3n. Sin embargo, en muchos casos esta se puede tratar y controlar, para despu\u00e9s combinar con los aparatos correctivos adecuados (<a href=\"https:\/\/www.vitaldent.com\/es\/ortodoncia-invisible\/\"><strong>alineadores transparentes<\/strong><\/a> o <a href=\"https:\/\/www.vitaldent.com\/es\/brackets\/\"><strong>brackets<\/strong><\/a>). Adem\u00e1s, durante todo el proceso habr\u00e1 que hacer un seguimiento de la salud gingival.<\/li>\n\n\n\n<li><strong>Implantes dentales:<\/strong> con los implantes dentales sucede algo similar. Primero hay que controlar cualquier rastro de infecci\u00f3n y valorar si la masa \u00f3sea es suficiente para sostener el implante. En algunos casos, el dentista puede recomendar un tratamiento de <a href=\"https:\/\/www.vitaldent.com\/blog\/que-es-la-regeneracion-osea\/\">regeneraci\u00f3n \u00f3sea<\/a> o el uso de implantes espec\u00edficos para casos de poca densidad \u00f3sea.<\/li>\n\n\n\n<li><strong>Tratamientos restauradores y est\u00e9ticos (<\/strong><a href=\"https:\/\/www.vitaldent.com\/blog\/empaste-dental\/\"><strong>empastes<\/strong><\/a><strong>, <\/strong><a href=\"https:\/\/www.vitaldent.com\/es\/carillas-dentales\/\"><strong>carillas<\/strong><\/a><strong> y <\/strong><a href=\"https:\/\/www.vitaldent.com\/blog\/que-es-una-corona-dental\/\"><strong>coronas<\/strong><\/a><strong>)<\/strong>: se obtiene un mejor resultado cuando la enc\u00eda est\u00e1 estable, sin sangrado y con m\u00e1rgenes saludables. El margen es el punto de uni\u00f3n entre la restauraci\u00f3n y el diente o la enc\u00eda.<\/li>\n<\/ul>\n\n\n\n<p>\u00bfSe te inflaman las enc\u00edas o te sangran con facilidad? \u00bfNecesitas realizarte un tratamiento periodontal? Visita tu <a href=\"https:\/\/clinicas.vitaldent.com\/\">cl\u00ednica Vitaldent<\/a> m\u00e1s cercana para cuidar tu salud bucodental y prevenir enfermedades orales. <strong>Tu primera revisi\u00f3n es gratuita<\/strong>.<\/p>\n","protected":false},"excerpt":{"rendered":"<p>\u00bfSab\u00edas que un tratamiento periodontal es el que previene y trata las enfermedades que afectan a las enc\u00edas? Los casos m\u00e1s leves pueden controlarse con limpiezas profesionales en la cl\u00ednica, mientras que la presencia de biofilm y sarro subgingival (por debajo de la l\u00ednea de las enc\u00edas) requiere un tratamiento periodontal, en el que se [&hellip;]<\/p>\n","protected":false},"author":19,"featured_media":14329,"comment_status":"closed","ping_status":"closed","sticky":false,"template":"","format":"standard","meta":{"_acf_changed":false,"_stopmodifiedupdate":true,"_modified_date":"","footnotes":""},"categories":[6],"tags":[138,147,41],"class_list":["post-14343","post","type-post","status-publish","format-standard","has-post-thumbnail","hentry","category-tratamientos-dentales","tag-encias","tag-periodoncia","tag-salud-bucodental"],"acf":[],"yoast_head":"<!-- This site is optimized with the Yoast SEO plugin v27.4 - https:\/\/yoast.com\/product\/yoast-seo-wordpress\/ -->\n<title>Tratamiento periodontal: \u00bfQu\u00e9 es? \u00bfDuele? | Vitaldent<\/title>\n<meta name=\"description\" content=\"Enc\u00edas que sangran, mal aliento o movilidad dental: descubre c\u00f3mo es el tratamiento periodontal, si duele y qu\u00e9 cuidados seguir.\" \/>\n<meta name=\"robots\" content=\"index, follow, max-snippet:-1, max-image-preview:large, max-video-preview:-1\" \/>\n<link rel=\"canonical\" href=\"https:\/\/www.vitaldent.com\/blog\/tratamiento-periodontal-que-es\/\" \/>\n<meta property=\"og:locale\" content=\"es_ES\" \/>\n<meta property=\"og:type\" content=\"article\" \/>\n<meta property=\"og:title\" content=\"Tratamiento periodontal: \u00bfQu\u00e9 es? \u00bfDuele? | Vitaldent\" \/>\n<meta property=\"og:description\" content=\"Enc\u00edas que sangran, mal aliento o movilidad dental: descubre c\u00f3mo es el tratamiento periodontal, si duele y qu\u00e9 cuidados seguir.\" \/>\n<meta property=\"og:url\" content=\"https:\/\/www.vitaldent.com\/blog\/tratamiento-periodontal-que-es\/\" \/>\n<meta property=\"og:site_name\" content=\"El blog de Vitaldent | H\u00e1bitos, tratamientos y consejos de Salud Dental\" \/>\n<meta property=\"article:published_time\" content=\"2025-03-24T08:10:00+00:00\" \/>\n<meta property=\"article:modified_time\" content=\"2026-01-12T12:46:00+00:00\" \/>\n<meta property=\"og:image\" content=\"https:\/\/www.vitaldent.com\/blog\/wp-content\/uploads\/2025\/03\/periodontal.jpg\" \/>\n\t<meta property=\"og:image:width\" content=\"2106\" \/>\n\t<meta property=\"og:image:height\" content=\"1396\" \/>\n\t<meta property=\"og:image:type\" content=\"image\/jpeg\" \/>\n<meta name=\"author\" content=\"Eva Lago\" \/>\n<meta name=\"twitter:card\" content=\"summary_large_image\" \/>\n<meta name=\"twitter:label1\" content=\"Escrito por\" \/>\n\t<meta name=\"twitter:data1\" content=\"Eva Lago\" \/>\n\t<meta name=\"twitter:label2\" content=\"Tiempo de lectura\" \/>\n\t<meta name=\"twitter:data2\" content=\"8 minutos\" \/>\n<!-- \/ Yoast SEO plugin. -->","yoast_head_json":{"title":"Tratamiento periodontal: \u00bfQu\u00e9 es? \u00bfDuele? | Vitaldent","description":"Enc\u00edas que sangran, mal aliento o movilidad dental: descubre c\u00f3mo es el tratamiento periodontal, si duele y qu\u00e9 cuidados seguir.","robots":{"index":"index","follow":"follow","max-snippet":"max-snippet:-1","max-image-preview":"max-image-preview:large","max-video-preview":"max-video-preview:-1"},"canonical":"https:\/\/www.vitaldent.com\/blog\/tratamiento-periodontal-que-es\/","og_locale":"es_ES","og_type":"article","og_title":"Tratamiento periodontal: \u00bfQu\u00e9 es? \u00bfDuele? | Vitaldent","og_description":"Enc\u00edas que sangran, mal aliento o movilidad dental: descubre c\u00f3mo es el tratamiento periodontal, si duele y qu\u00e9 cuidados seguir.","og_url":"https:\/\/www.vitaldent.com\/blog\/tratamiento-periodontal-que-es\/","og_site_name":"El blog de Vitaldent | H\u00e1bitos, tratamientos y consejos de Salud Dental","article_published_time":"2025-03-24T08:10:00+00:00","article_modified_time":"2026-01-12T12:46:00+00:00","og_image":[{"width":2106,"height":1396,"url":"https:\/\/www.vitaldent.com\/blog\/wp-content\/uploads\/2025\/03\/periodontal.jpg","type":"image\/jpeg"}],"author":"Eva Lago","twitter_card":"summary_large_image","twitter_misc":{"Escrito por":"Eva Lago","Tiempo de lectura":"8 minutos"},"schema":{"@context":"https:\/\/schema.org","@graph":[{"@type":"Article","@id":"https:\/\/www.vitaldent.com\/blog\/tratamiento-periodontal-que-es\/#article","isPartOf":{"@id":"https:\/\/www.vitaldent.com\/blog\/tratamiento-periodontal-que-es\/"},"author":{"name":"Eva Lago","@id":"https:\/\/www.vitaldent.com\/blog\/#\/schema\/person\/a0ac33fcf2e8bf08abce31b6437c3cc1"},"headline":"\u00bfQu\u00e9 es un tratamiento periodontal? \u00bfEs doloroso?","datePublished":"2025-03-24T08:10:00+00:00","dateModified":"2026-01-12T12:46:00+00:00","mainEntityOfPage":{"@id":"https:\/\/www.vitaldent.com\/blog\/tratamiento-periodontal-que-es\/"},"wordCount":1576,"image":{"@id":"https:\/\/www.vitaldent.com\/blog\/tratamiento-periodontal-que-es\/#primaryimage"},"thumbnailUrl":"https:\/\/www.vitaldent.com\/blog\/wp-content\/uploads\/2025\/03\/periodontal.jpg","keywords":["Enc\u00edas","Periodoncia","Salud bucodental"],"articleSection":["Tratamientos dentales"],"inLanguage":"es"},{"@type":["WebPage","MedicalWebPage"],"@id":"https:\/\/www.vitaldent.com\/blog\/tratamiento-periodontal-que-es\/","url":"https:\/\/www.vitaldent.com\/blog\/tratamiento-periodontal-que-es\/","name":"Tratamiento periodontal: \u00bfQu\u00e9 es? \u00bfDuele? | Vitaldent","isPartOf":{"@id":"https:\/\/www.vitaldent.com\/blog\/#website"},"primaryImageOfPage":{"@id":"https:\/\/www.vitaldent.com\/blog\/tratamiento-periodontal-que-es\/#primaryimage"},"image":{"@id":"https:\/\/www.vitaldent.com\/blog\/tratamiento-periodontal-que-es\/#primaryimage"},"thumbnailUrl":"https:\/\/www.vitaldent.com\/blog\/wp-content\/uploads\/2025\/03\/periodontal.jpg","datePublished":"2025-03-24T08:10:00+00:00","dateModified":"2026-01-12T12:46:00+00:00","author":{"@id":"https:\/\/www.vitaldent.com\/blog\/#\/schema\/person\/a0ac33fcf2e8bf08abce31b6437c3cc1"},"description":"Enc\u00edas que sangran, mal aliento o movilidad dental: descubre c\u00f3mo es el tratamiento periodontal, si duele y qu\u00e9 cuidados seguir.","breadcrumb":{"@id":"https:\/\/www.vitaldent.com\/blog\/tratamiento-periodontal-que-es\/#breadcrumb"},"inLanguage":"es","potentialAction":[{"@type":"ReadAction","target":["https:\/\/www.vitaldent.com\/blog\/tratamiento-periodontal-que-es\/"]}]},{"@type":"ImageObject","inLanguage":"es","@id":"https:\/\/www.vitaldent.com\/blog\/tratamiento-periodontal-que-es\/#primaryimage","url":"https:\/\/www.vitaldent.com\/blog\/wp-content\/uploads\/2025\/03\/periodontal.jpg","contentUrl":"https:\/\/www.vitaldent.com\/blog\/wp-content\/uploads\/2025\/03\/periodontal.jpg","width":2106,"height":1396,"caption":"Hombre con las enc\u00edas inflamadas necesitando un tratamiento periodontal"},{"@type":"BreadcrumbList","@id":"https:\/\/www.vitaldent.com\/blog\/tratamiento-periodontal-que-es\/#breadcrumb","itemListElement":[{"@type":"ListItem","position":1,"name":"Home","item":"https:\/\/www.vitaldent.com\/blog\/"},{"@type":"ListItem","position":2,"name":"\u00bfQu\u00e9 es un tratamiento periodontal? \u00bfEs doloroso?"}]},{"@type":"WebSite","@id":"https:\/\/www.vitaldent.com\/blog\/#website","url":"https:\/\/www.vitaldent.com\/blog\/","name":"El blog de Vitaldent | H\u00e1bitos, tratamientos y consejos de Salud Dental","description":"El blog en el que encontrar\u00e1s h\u00e1bitos, tratamientos y consejos de salud dental","potentialAction":[{"@type":"SearchAction","target":{"@type":"EntryPoint","urlTemplate":"https:\/\/www.vitaldent.com\/blog\/?s={search_term_string}"},"query-input":{"@type":"PropertyValueSpecification","valueRequired":true,"valueName":"search_term_string"}}],"inLanguage":"es"},{"@type":"Person","@id":"https:\/\/www.vitaldent.com\/blog\/#\/schema\/person\/a0ac33fcf2e8bf08abce31b6437c3cc1","name":"Eva Lago","image":{"@type":"ImageObject","inLanguage":"es","@id":"https:\/\/secure.gravatar.com\/avatar\/79c74c24738a35bdf5899dc69bd93748b48c95a48d47fdbee010a5cf6895457d?s=96&d=mm&r=g","url":"https:\/\/secure.gravatar.com\/avatar\/79c74c24738a35bdf5899dc69bd93748b48c95a48d47fdbee010a5cf6895457d?s=96&d=mm&r=g","contentUrl":"https:\/\/secure.gravatar.com\/avatar\/79c74c24738a35bdf5899dc69bd93748b48c95a48d47fdbee010a5cf6895457d?s=96&d=mm&r=g","caption":"Eva Lago"},"description":"Eva Lago es coordinadora m\u00e9dica del \u00e1rea de Periodoncia y Endodoncia de Donte Group. Se gradu\u00f3 en Odontolog\u00eda por la Universidad Europea de Madrid y destaca por su amplia experiencia cl\u00ednica en el campo de la Periodoncia y la Endodoncia, as\u00ed como por su formaci\u00f3n en \u00e1reas estrechamente relacionadas, como la implantolog\u00eda. De hecho, su formaci\u00f3n incluye un M\u00e1ster en Implantolog\u00eda Avanzada por la Universidad de Sevilla. Adem\u00e1s, es profesora en la Universidad Alfonso X El Sabio y asistente habitual a congresos nacionales, como los de la Asociaci\u00f3n Espa\u00f1ola de Endodoncia (AEDE), la Sociedad Espa\u00f1ola de Periodoncia y Osteointegraci\u00f3n (SEPA) y la Sociedad Espa\u00f1ola de Implantes (SEI). Formaci\u00f3n acad\u00e9mica \u25cf Grado en Odontolog\u00eda, Universidad Europea de Madrid (2009-2015). \u25cf M\u00e1ster en Implantolog\u00eda Avanzada, Universidad de Sevilla (2016-2018). \u25cf M\u00e1ster en Ortodoncia Avanzada, Universidad Europea de Madrid (2019-2022). Otros cursos y diplomas \u25cf Curso Superior Universitario en Implantopr\u00f3tesis. Universidad Rey Juan Carlos. \u25cf Diploma en Implantolog\u00eda Avanzada. Universidad de Sevilla. \u25cf Curso de regeneraci\u00f3n \u00f3sea guiada. Dr. Sergio G. Moreno - Fundaci\u00f3n Gim\u00e9nez D\u00edaz. \u25cf Curso IF Implantolog\u00eda Corticobasal. Imbiodent. \u25cf Curso est\u00e9tico-dental con \u00e1cido hialur\u00f3nico. Colegio de Odont\u00f3logos de Catalu\u00f1a.","sameAs":["https:\/\/www.linkedin.com\/in\/eva-victoria-lago-pacheco-a10403106\/"],"url":"https:\/\/www.vitaldent.com\/blog\/author\/dra-eva-lago\/"}]}},"author_avatar_url":"https:\/\/secure.gravatar.com\/avatar\/79c74c24738a35bdf5899dc69bd93748b48c95a48d47fdbee010a5cf6895457d?s=200&d=mm&r=g","_links":{"self":[{"href":"https:\/\/www.vitaldent.com\/blog\/wp-json\/wp\/v2\/posts\/14343","targetHints":{"allow":["GET"]}}],"collection":[{"href":"https:\/\/www.vitaldent.com\/blog\/wp-json\/wp\/v2\/posts"}],"about":[{"href":"https:\/\/www.vitaldent.com\/blog\/wp-json\/wp\/v2\/types\/post"}],"author":[{"embeddable":true,"href":"https:\/\/www.vitaldent.com\/blog\/wp-json\/wp\/v2\/users\/19"}],"replies":[{"embeddable":true,"href":"https:\/\/www.vitaldent.com\/blog\/wp-json\/wp\/v2\/comments?post=14343"}],"version-history":[{"count":13,"href":"https:\/\/www.vitaldent.com\/blog\/wp-json\/wp\/v2\/posts\/14343\/revisions"}],"predecessor-version":[{"id":14970,"href":"https:\/\/www.vitaldent.com\/blog\/wp-json\/wp\/v2\/posts\/14343\/revisions\/14970"}],"wp:featuredmedia":[{"embeddable":true,"href":"https:\/\/www.vitaldent.com\/blog\/wp-json\/wp\/v2\/media\/14329"}],"wp:attachment":[{"href":"https:\/\/www.vitaldent.com\/blog\/wp-json\/wp\/v2\/media?parent=14343"}],"wp:term":[{"taxonomy":"category","embeddable":true,"href":"https:\/\/www.vitaldent.com\/blog\/wp-json\/wp\/v2\/categories?post=14343"},{"taxonomy":"post_tag","embeddable":true,"href":"https:\/\/www.vitaldent.com\/blog\/wp-json\/wp\/v2\/tags?post=14343"}],"curies":[{"name":"wp","href":"https:\/\/api.w.org\/{rel}","templated":true}]}}