{"id":13633,"date":"2023-12-28T12:01:48","date_gmt":"2023-12-28T10:01:48","guid":{"rendered":"https:\/\/www.vitaldent.com\/blog\/?p=13633"},"modified":"2026-04-08T13:33:00","modified_gmt":"2026-04-08T11:33:00","slug":"que-son-la-microdoncia-y-la-macrodoncia-y-como-se-tratan","status":"publish","type":"post","link":"https:\/\/www.vitaldent.com\/blog\/que-son-la-microdoncia-y-la-macrodoncia-y-como-se-tratan\/","title":{"rendered":"\u00bfQu\u00e9 son la microdoncia y la macrodoncia? \u00bfC\u00f3mo se tratan?"},"content":{"rendered":"\n<p>\u00bfPresentas <strong>microdoncia o macrodoncia<\/strong>? Si alguna vez has pensado que <strong>tus dientes son \u201cdemasiado peque\u00f1os\u201d<\/strong> o, al contrario, que <strong>alguno parece m\u00e1s grande de lo normal<\/strong>, puede que est\u00e9s ante un caso de microdoncia o macrodoncia.<\/p>\n\n\n\n<p>Aunque muchas personas lo viven como algo puramente est\u00e9tico, lo cierto es que el tama\u00f1o dental tambi\u00e9n influye en c\u00f3mo encajan los dientes al morder, en los espacios entre piezas dentales y en la facilidad para mantener una buena higiene.<\/p>\n\n\n\n<p>Descubre en qu\u00e9 consisten estas alteraciones dentales, a qu\u00e9 se deben y c\u00f3mo se pueden tratar para tener una sonrisa m\u00e1s est\u00e9tica y evitar complicaciones bucodentales.<\/p>\n\n\n\r\n<div class=\"key-takeaways\">\r\n            <h2 class=\"key-takeaways__title\">\r\n            Puntos clave        <\/h2>\r\n        <div class=\"key-takeaways__content richtext\">\r\n        <ul>\n<li>La microdoncia y la macrodoncia pueden afectar a la est\u00e9tica y la funcionalidad de la sonrisa.<\/li>\n<li>Suelen tener un componente hereditario, pero a veces est\u00e1n relacionadas con ciertas alteraciones gen\u00e9ticas.<\/li>\n<li>Hoy en d\u00eda existen tratamientos muy eficaces para mejorar tanto la apariencia como la funci\u00f3n: desde ortodoncia hasta carillas o coronas.<\/li>\n<li>Una valoraci\u00f3n en nuestras cl\u00ednicas dentales ayuda a definir el tratamiento m\u00e1s adecuado y planificarlo con precisi\u00f3n.<\/li>\n<\/ul>\n    <\/div>\r\n<\/div>\n\n\n<h2 class=\"wp-block-heading\">\u00bfQu\u00e9 son la microdoncia y la macrodoncia?<\/h2>\n\n\n\n<p>La <strong>microdoncia y la macrodoncia <\/strong>son anomal\u00edas en el <strong>tama\u00f1o de los dientes<\/strong>, en relaci\u00f3n con lo que se considera habitual en la boca de una persona (teniendo en cuenta la proporci\u00f3n con el resto de piezas dentales y con el tama\u00f1o del maxilar superior o la mand\u00edbula).<\/p>\n\n\n\n<ul class=\"wp-block-list\">\n<li><strong>Microdoncia: <\/strong>cuando uno o varios dientes tienen un tama\u00f1o inferior al habitual.<\/li>\n\n\n\n<li><strong>Macrodoncia: <\/strong>cuando uno o varios dientes son m\u00e1s grandes de lo normal.<\/li>\n<\/ul>\n\n\n\n<h2 class=\"wp-block-heading\"><a><\/a>La microdoncia: causas y tipos<\/h2>\n\n\n\n<p>La microdoncia suele tener un componente <strong>gen\u00e9tico<\/strong> y, muchas veces, se detecta cuando erupcionan los dientes definitivos. Aun as\u00ed, no siempre afecta igual: puede aparecer en un diente concreto o en varios. Se estima que entre un <a href=\"http:\/\/www.ncbi.nlm.nih.gov\/books\/NBK574555\/\"><\/a><a href=\"http:\/\/www.ncbi.nlm.nih.gov\/books\/NBK574555\/\" target=\"_blank\" rel=\"noreferrer noopener\">1,5 % y un 2 %<\/a> de personas sufren esta anomal\u00eda a nivel global, sobre todo mujeres.<\/p>\n\n\n\n<h3 class=\"wp-block-heading\"><a><\/a>Tipos m\u00e1s habituales de microdoncia<\/h3>\n\n\n\n<p>La microdoncia se clasifica en <strong>tres tipolog\u00edas<\/strong>:<\/p>\n\n\n\n<ul class=\"wp-block-list\">\n<li><strong>Microdoncia localizada o parcial<\/strong>: cuando afecta a una pieza dental (o a pocas), especialmente a los incisivos laterales superiores, que suelen tener forma de cono (estrechos y peque\u00f1os). Es la m\u00e1s com\u00fan.<\/li>\n\n\n\n<li><strong>Microdoncia generalizada<\/strong>: cuando afecta a muchos dientes o a todos. Es poco frecuente y se suele asociar con enanismo hipofisario (enfermedad causada por un d\u00e9ficit de hormona del crecimiento) o s\u00edndrome de Down. Asimismo, puede ser un efecto secundario en pacientes j\u00f3venes que han recibido quimioterapia.<\/li>\n\n\n\n<li><strong>Microdoncia relativa o pseudomicrodoncia: <\/strong>cuando los dientes tienen un tama\u00f1o normal, pero el hueso maxilar es m\u00e1s grande. Al existir una desproporci\u00f3n, los dientes parecen peque\u00f1os y aparecen espacios.<\/li>\n<\/ul>\n\n\n\n<h3 class=\"wp-block-heading\"><a><\/a>Causas frecuentes<\/h3>\n\n\n\n<p>Las principales causas de la microdoncia son:<\/p>\n\n\n\n<ul class=\"wp-block-list\">\n<li><strong>Origen hereditario y gen\u00e9tico:<\/strong> es la causa m\u00e1s habitual.<\/li>\n\n\n\n<li><strong>Asociaci\u00f3n con algunas condiciones m\u00e9dicas:<\/strong> la microdoncia se relaciona con ciertos s\u00edndromes o cardiopat\u00edas cong\u00e9nitas.<\/li>\n<\/ul>\n\n\n\r\n<div class=\"postcontent__banner\">\r\n    <div class=\"banner2\" >\r\n\r\n        <span class=\"banner2__text\">\r\n            Aprovecha ahora 600\u20ac de descuento en ortodoncia + blanqueamiento*        <\/span>\r\n                \r\n        <a href=\"https:\/\/clinicas.vitaldent.com\/?utm_source=google&#038;utm_medium=organic\" target=\"\" class=\"btn3\">\r\n            <img decoding=\"async\" src=\"\/wp-content\/uploads\/2024\/12\/te-llamamos.svg\" alt=\"\" role=\"presentation\">\r\n            Llama y pide tu cita        <\/a>\r\n    <\/div>\r\n<\/div>\n\n\n<h2 class=\"wp-block-heading\"><a><\/a>La macrodoncia: causas y tipos<\/h2>\n\n\n\n<p>La macrodoncia podr\u00eda implicar <a href=\"http:\/\/www.ncbi.nlm.nih.gov\/pmc\/articles\/PMC8026913\/\"><\/a><a href=\"http:\/\/www.ncbi.nlm.nih.gov\/pmc\/articles\/PMC8026913\/\" target=\"_blank\" rel=\"noreferrer noopener\">factores gen\u00e9ticos, endocrinos o ambientales,<\/a> pero no se conoce su causa con certeza. Se estima que el trastorno afecta a entre un 0,03 % y un 1,9 % de la poblaci\u00f3n mundial, tanto hombres como mujeres.<\/p>\n\n\n\n<h3 class=\"wp-block-heading\"><a><\/a>Tipos m\u00e1s habituales de macrodoncia<\/h3>\n\n\n\n<p>La macrodoncia se divide en <strong>tres tipos<\/strong>:<\/p>\n\n\n\n<ul class=\"wp-block-list\">\n<li><strong>Macrodoncia parcial o localizada<\/strong>: un diente o unos dientes concretos son m\u00e1s grandes. Afecta con mayor frecuencia a los terceros molares inferiores (muelas del juicio).<\/li>\n\n\n\n<li><strong>Macrodoncia generalizada<\/strong>: afecta a muchas o a todas las piezas dentales. Es poco com\u00fan y se relaciona con el gigantismo hipofisario.<\/li>\n\n\n\n<li><strong>Macrodoncia relativa o pseudomacrodoncia<\/strong>: los dientes no son excesivamente grandes, pero lo parecen porque el maxilar superior o la mand\u00edbula tienen un tama\u00f1o inferior al normal.<\/li>\n<\/ul>\n\n\n\n<h3 class=\"wp-block-heading\"><a><\/a>Causas frecuentes<\/h3>\n\n\n\n<p>Las principales causas de la macrodoncia son:<\/p>\n\n\n\n<ul class=\"wp-block-list\">\n<li><strong>Origen hereditario y gen\u00e9tico:<\/strong> es la causa m\u00e1s habitual.<\/li>\n\n\n\n<li><strong>Asociaci\u00f3n con algunas condiciones m\u00e9dicas:<\/strong> la macrodoncia se relaciona con gigantismo hipofisario, una enfermedad endocrina rara que causa un crecimiento desmesurado en ni\u00f1os y adolescentes debido a un exceso de hormona del crecimiento (GH).<\/li>\n<\/ul>\n\n\n\n<blockquote class=\"blockquote\">\n\n    <span class=\"blockquote__decor\"><\/span>\n\n    <p>La ortodoncia es uno de los principales tratamientos tanto para la microdoncia como para la macrodoncia.<\/p>\n\n    \n    <cite><\/cite>\n<\/blockquote>\n\n\n\n\n<h2 class=\"wp-block-heading\"><a><\/a>\u00bfQu\u00e9 complicaciones pueden provocar la microdoncia y la macrodoncia?<\/h2>\n\n\n\n<p>Estas alteraciones no siempre causan problemas, pero cuando afectan a la forma en que encajan los dientes, pueden aparecer complicaciones. La clave est\u00e1 en si existe <strong>desajuste de mordida<\/strong>, espacios o api\u00f1amiento.<\/p>\n\n\n\n<p>Las principales complicaciones que suelen surgir son:<\/p>\n\n\n\n<ul class=\"wp-block-list\">\n<li><strong>Problemas est\u00e9ticos: <\/strong>estas anomal\u00edas afectan esencialmente a nivel est\u00e9tico, sobre todo la microdoncia y la macrodoncia en los dientes anteriores.<\/li>\n\n\n\n<li><strong>Dificultad de higiene: <\/strong>si hay <a href=\"https:\/\/www.vitaldent.com\/blog\/apinamiento-dental-causas-consecuencias-y-tratamiento\/\">api\u00f1amiento<\/a> o zonas donde la seda dental no pasa bien, aumenta el riesgo de placa bacteriana. Esta complicaci\u00f3n tiene m\u00e1s peligro de surgir cuando la macrodoncia afecta a las piezas dentales posteriores.<\/li>\n\n\n\n<li><strong>Caries y problemas de enc\u00edas:<\/strong> una higiene m\u00e1s dif\u00edcil aumenta las posibilidades de sufrir <a href=\"https:\/\/www.vitaldent.com\/es\/caries-dentales\/\">caries<\/a> o enfermedades de las enc\u00edas.<\/li>\n\n\n\n<li><strong>Desgastes o sobrecargas:<\/strong> cuando la mordida no reparte bien las fuerzas, algunos dientes se desgastan m\u00e1s.<\/li>\n\n\n\n<li><strong>Alteraciones de la mordida:<\/strong> en ciertos casos, un tama\u00f1o dental inadecuado contribuye a la maloclusi\u00f3n.<\/li>\n<\/ul>\n\n\n\n<p>A modo de prevenci\u00f3n, es imprescindible hacer <strong>visitas peri\u00f3dicas al dentista<\/strong> si se padece microdoncia o macrodoncia, as\u00ed como mantener una limpieza oral adecuada despu\u00e9s de cada comida.al dentista si se padece alguno de ellos y mantener una limpieza oral adecuada despu\u00e9s de cada comida.<\/p>\n\n\n\r\n<div class=\"postcontent__banner\">\r\n    <div class=\"banner2\" >\r\n\r\n        <span class=\"banner2__text\">\r\n            \u00bfPresentas microdoncia o macrodoncia?        <\/span>\r\n                \r\n        <a href=\"https:\/\/clinicas.vitaldent.com\/?_gl=1*1ctygxp*_ga*MTUzMzY3MjE1OS4xNjczNjA0Nzg5*_ga_23CNEY11BV*MTcwMzc1NjA3NC45My4xLjE3MDM3NTY0NDEuMC4wLjA.\" target=\"\" class=\"btn3\">\r\n            <img decoding=\"async\" src=\"\/wp-content\/uploads\/2024\/12\/te-llamamos.svg\" alt=\"\" role=\"presentation\">\r\n            Pide tu cita aqu\u00ed        <\/a>\r\n    <\/div>\r\n<\/div>\n\n\n<h2 class=\"wp-block-heading\">Tratamientos para la microdoncia<\/h2>\n\n\n\n<p>La microdoncia se puede tratar desde dos enfoques: <strong>mover dientes y cerrar espacios<\/strong> (con ortodoncia) y\/o <strong>aumentar el tama\u00f1o visible<\/strong> del diente (con restauraciones est\u00e9ticas). El tratamiento de la microdoncia tiene como objetivo <strong>mejorar la<\/strong> <a href=\"https:\/\/www.vitaldent.com\/es\/estetica-dental\/\"><\/a><a href=\"https:\/\/www.vitaldent.com\/es\/estetica-dental\/\"><strong>est\u00e9tica dental<\/strong><\/a><strong> y la funcionalidad de la boca<\/strong>. Por ello, lo m\u00e1s habitual es combinar distintos procedimientos para que el resultado sea arm\u00f3nico.<\/p>\n\n\n\n<p>A continuaci\u00f3n, te explicamos los tratamientos m\u00e1s habituales:<\/p>\n\n\n\n<h3 class=\"wp-block-heading\"><a><\/a>Ortodoncia<\/h3>\n\n\n\n<p>La ortodoncia ayuda a <strong>colocar los dientes en una posici\u00f3n m\u00e1s favorable<\/strong>, cerrar <a href=\"https:\/\/www.vitaldent.com\/blog\/es-el-diastema-dental-un-problema-o-una-moda\/\"><strong>diastemas<\/strong><\/a> y preparar el espacio ideal para una mejora est\u00e9tica posterior (si hace falta). En Vitaldent contamos con diferentes <a href=\"https:\/\/www.vitaldent.com\/es\/ortodoncia\/\">tratamientos de ortodoncia<\/a>, desde <a href=\"https:\/\/www.vitaldent.com\/es\/brackets\/\"><strong>brackets<\/strong><\/a> hasta <a href=\"https:\/\/www.vitaldent.com\/es\/ortodoncia-invisible\/\"><strong>alineadores invisibles<\/strong><\/a>.<\/p>\n\n\n\n<h3 class=\"wp-block-heading\"><a><\/a>Aplicaci\u00f3n de composite<\/h3>\n\n\n\n<p>Una de las soluciones menos invasivas es la <strong>aplicaci\u00f3n de composite<\/strong>, que es la resina que se emplea para restaurar una caries. Este material es del mismo color que el diente y se puede moldear y pulir directamente sobre \u00e9l para ofrecer <strong>un resultado natural<\/strong>.<\/p>\n\n\n\n<p>El <a href=\"https:\/\/www.vitaldent.com\/blog\/que-es-el-composite-dental\/\">composite<\/a> se puede utilizar para corregir un diente estrecho o peque\u00f1o, armonizar bordes o cerrar espacios.<\/p>\n\n\n\n<h3 class=\"wp-block-heading\"><a><\/a>Carillas<\/h3>\n\n\n\n<p>Las <a href=\"https:\/\/www.vitaldent.com\/es\/carillas-dentales\/\">carillas<\/a> est\u00e1n indicadas cuando se busca un cambio est\u00e9tico m\u00e1s global y se desea mejorar la est\u00e9tica de los dientes anteriores (delanteros). Son unas finas l\u00e1minas que cubren la parte frontal (visible) de los dientes y ayudan a disimular peque\u00f1as irregularidades de forma, tama\u00f1o y color. Pueden fabricarse con diversos materiales, como el <a href=\"https:\/\/www.vitaldent.com\/blog\/carillas-composite-que-son\/\"><strong>composite<\/strong><\/a> o la <a href=\"https:\/\/www.vitaldent.com\/blog\/carillas-de-porcelana-tipos-ventajas-y-tratamiento\/\"><strong>porcelana<\/strong><\/a>.<\/p>\n\n\n\n<h3 class=\"wp-block-heading\"><a><\/a>Coronas<\/h3>\n\n\n\n<p>Las coronas suelen reservarse para situaciones donde el diente necesita m\u00e1s \u201ccobertura\u201d, debido a una estructura debilitada o una reconstrucci\u00f3n previa importante. Tambi\u00e9n sirven para <strong>aumentar el tama\u00f1o<\/strong> y mejorar la forma. Dado que <strong>recubren toda la estructura del diente<\/strong> requieren una planificaci\u00f3n cuidadosa para no interferir con la mordida.<\/p>\n\n\n\n<h2 class=\"wp-block-heading\"><a><\/a>Tratamientos para la macrodoncia<\/h2>\n\n\n\n<p>En macrodoncia, el objetivo suele ser <strong>armonizar el tama\u00f1o<\/strong> y\/o <strong>ganar espacio<\/strong> para que los dientes encajen bien. Seg\u00fan el caso, se trabaja sobre el propio diente, sobre la posici\u00f3n (ortodoncia) o combinando ambas cosas. Como el tratamiento de la macrodoncia <strong>suele ser m\u00e1s complejo<\/strong>, normalmente requiere la <a href=\"https:\/\/pubmed.ncbi.nlm.nih.gov\/32525115\/\"><\/a><a href=\"https:\/\/pubmed.ncbi.nlm.nih.gov\/32525115\/\" target=\"_blank\" rel=\"noreferrer noopener\">combinaci\u00f3n de m\u00e1s de una t\u00e9cnica dental<\/a>.<\/p>\n\n\n\n<h3 class=\"wp-block-heading\"><a><\/a>Ortodoncia<\/h3>\n\n\n\n<p>La ortodoncia es uno de los tratamientos m\u00e1s \u00fatiles cuando la macrodoncia provoca <strong>api\u00f1amiento<\/strong>. No \u201cencoge\u201d el diente, pero s\u00ed permite alinear los dientes y distribuir el espacio de forma m\u00e1s equilibrada.<\/p>\n\n\n\n<h3 class=\"wp-block-heading\"><a><\/a>Carillas o coronas<\/h3>\n\n\n\n<p>Aunque pueda parecer contradictorio, a veces las carillas y las <a href=\"https:\/\/www.vitaldent.com\/blog\/que-es-una-corona-dental\/\">coronas<\/a> ayudan a \u201cequilibrar\u201d visualmente el tama\u00f1o cuando:<\/p>\n\n\n\n<ul class=\"wp-block-list\">\n<li>Hay asimetr\u00edas claras (un diente grande junto a otros peque\u00f1os).<\/li>\n\n\n\n<li>Se necesita modificar la forma, porque esta sea an\u00f3mala o para que los dientes parezcan m\u00e1s proporcionados.<\/li>\n\n\n\n<li>Se quiere mejorar el conjunto est\u00e9tico (por ejemplo, ajustando longitudes y contornos).<\/li>\n<\/ul>\n\n\n\n<h3 class=\"wp-block-heading\"><a><\/a>Tallado selectivo o stripping<\/h3>\n\n\n\n<p>El tallado selectivo (desgaste controlado) y el stripping (reducci\u00f3n interproximal suave) consisten en pulir una peque\u00f1a parte del esmalte para reducir la anchura de los dientes. Estas t\u00e9cnicas pueden ser \u00fatiles para <strong>ganar mil\u00edmetros de espacio<\/strong> o para suavizar contornos, siempre con criterio profesional y respetando el esmalte.<\/p>\n\n\n\n<p>Suele indicarse cuando hay:<\/p>\n\n\n\n<ul class=\"wp-block-list\">\n<li>Api\u00f1amiento leve.<\/li>\n\n\n\n<li>Dientes ligeramente anchos.<\/li>\n<\/ul>\n\n\n\n<h2 class=\"wp-block-heading\"><a><\/a>\u00bfSe pueden prevenir?<\/h2>\n\n\n\n<p>En la mayor\u00eda de casos, la microdoncia y la macrodonciason anomal\u00edas que <strong>no se pueden prevenir, <\/strong>pues dependen sobre todo de la gen\u00e9tica y del desarrollo dental. Aun as\u00ed, s\u00ed puedes hacer cosas para evitar que sus consecuencias vayan a m\u00e1s y para detectarlas pronto.<\/p>\n\n\n\n<ul class=\"wp-block-list\">\n<li><strong>Revisiones peri\u00f3dicas:<\/strong> ayudan a ver si el tama\u00f1o dental est\u00e1 generando espacios, api\u00f1amiento o problemas de mordida.<\/li>\n\n\n\n<li><strong>Higiene muy constante:<\/strong> si hay api\u00f1amiento o huecos, conviene reforzar el cepillado y la higiene interdental.<\/li>\n\n\n\n<li><strong>Tratar a tiempo la maloclusi\u00f3n:<\/strong> cuanto antes se planifique, m\u00e1s opciones conservadoras suele haber.<\/li>\n\n\n\n<li><strong>Evitar h\u00e1bitos que empeoran la mordida, <\/strong>como apretar o rechinar los dientes (<a href=\"https:\/\/www.vitaldent.com\/es\/bruxismo\/\">bruxismo<\/a>), que puede aumentar los desgastes.<\/li>\n<\/ul>\n\n\n\n<p>Adem\u00e1s, hoy en d\u00eda cuentas con distintos tratamientos para dar respuesta a las necesidades est\u00e9ticas y funcionales que puedas requerir. Dichas t\u00e9cnicas te ayudar\u00e1n a armonizar tu sonrisa y prevenir complicaciones futuras.<\/p>\n\n\n\n<p>\u00bfPresentas <strong>microdoncia o macrodoncia<\/strong>? No dudes en acudir a tu <a href=\"https:\/\/clinicas.vitaldent.com\/?_gl=1*15usj1z*_ga*MTUzMzY3MjE1OS4xNjczNjA0Nzg5*_ga_23CNEY11BV*MTcwMzc1NjA3NC45My4xLjE3MDM3NTY0NDEuMC4wLjA.\">cl\u00ednica Vitaldent<\/a> m\u00e1s cercana para que un odont\u00f3logo valore contigo las diferentes soluciones. <strong>Pide hoy tu primera visita informativa y gratuita<\/strong>.<\/p>\n","protected":false},"excerpt":{"rendered":"<p>\u00bfPresentas microdoncia o macrodoncia? Si alguna vez has pensado que tus dientes son \u201cdemasiado peque\u00f1os\u201d o, al contrario, que alguno parece m\u00e1s grande de lo normal, puede que est\u00e9s ante un caso de microdoncia o macrodoncia. Aunque muchas personas lo viven como algo puramente est\u00e9tico, lo cierto es que el tama\u00f1o dental tambi\u00e9n influye en [&hellip;]<\/p>\n","protected":false},"author":9,"featured_media":13636,"comment_status":"closed","ping_status":"closed","sticky":false,"template":"","format":"standard","meta":{"_acf_changed":false,"_stopmodifiedupdate":true,"_modified_date":"","footnotes":""},"categories":[12],"tags":[157,70,39],"class_list":["post-13633","post","type-post","status-publish","format-standard","has-post-thumbnail","hentry","category-consejos-salud-bucodental","tag-carillas-dentales","tag-estetica","tag-ortodoncia"],"acf":[],"yoast_head":"<!-- This site is optimized with the Yoast SEO plugin v27.4 - https:\/\/yoast.com\/product\/yoast-seo-wordpress\/ -->\n<title>Microdoncia y macrodoncia: qu\u00e9 son y c\u00f3mo se tratan | Vitaldent<\/title>\n<meta name=\"description\" content=\"\u00bfPadeces de microdoncia o de macrodoncia? Descubre en qu\u00e9 consisten, a qu\u00e9 se deben y c\u00f3mo se pueden tratar en el Blog de Vitaldent.\" \/>\n<meta name=\"robots\" content=\"index, follow, max-snippet:-1, max-image-preview:large, max-video-preview:-1\" \/>\n<link rel=\"canonical\" href=\"https:\/\/www.vitaldent.com\/blog\/que-son-la-microdoncia-y-la-macrodoncia-y-como-se-tratan\/\" \/>\n<meta property=\"og:locale\" content=\"es_ES\" \/>\n<meta property=\"og:type\" content=\"article\" \/>\n<meta property=\"og:title\" content=\"Microdoncia y macrodoncia: qu\u00e9 son y c\u00f3mo se tratan | Vitaldent\" \/>\n<meta property=\"og:description\" content=\"\u00bfPadeces de microdoncia o de macrodoncia? Descubre en qu\u00e9 consisten, a qu\u00e9 se deben y c\u00f3mo se pueden tratar en el Blog de Vitaldent.\" \/>\n<meta property=\"og:url\" content=\"https:\/\/www.vitaldent.com\/blog\/que-son-la-microdoncia-y-la-macrodoncia-y-como-se-tratan\/\" \/>\n<meta property=\"og:site_name\" content=\"El blog de Vitaldent | H\u00e1bitos, tratamientos y consejos de Salud Dental\" \/>\n<meta property=\"article:published_time\" content=\"2023-12-28T10:01:48+00:00\" \/>\n<meta property=\"article:modified_time\" content=\"2026-04-08T11:33:00+00:00\" \/>\n<meta property=\"og:image\" content=\"https:\/\/www.vitaldent.com\/blog\/wp-content\/uploads\/2023\/12\/macrodoncia-microdoncia.jpg\" \/>\n\t<meta property=\"og:image:width\" content=\"1472\" \/>\n\t<meta property=\"og:image:height\" content=\"976\" \/>\n\t<meta property=\"og:image:type\" content=\"image\/jpeg\" \/>\n<meta name=\"author\" content=\"Dr. Rafael Alvarado\" \/>\n<meta name=\"twitter:card\" content=\"summary_large_image\" \/>\n<meta name=\"twitter:label1\" content=\"Escrito por\" \/>\n\t<meta name=\"twitter:data1\" content=\"Dr. Rafael Alvarado\" \/>\n\t<meta name=\"twitter:label2\" content=\"Tiempo de lectura\" \/>\n\t<meta name=\"twitter:data2\" content=\"8 minutos\" \/>\n<!-- \/ Yoast SEO plugin. -->","yoast_head_json":{"title":"Microdoncia y macrodoncia: qu\u00e9 son y c\u00f3mo se tratan | Vitaldent","description":"\u00bfPadeces de microdoncia o de macrodoncia? Descubre en qu\u00e9 consisten, a qu\u00e9 se deben y c\u00f3mo se pueden tratar en el Blog de Vitaldent.","robots":{"index":"index","follow":"follow","max-snippet":"max-snippet:-1","max-image-preview":"max-image-preview:large","max-video-preview":"max-video-preview:-1"},"canonical":"https:\/\/www.vitaldent.com\/blog\/que-son-la-microdoncia-y-la-macrodoncia-y-como-se-tratan\/","og_locale":"es_ES","og_type":"article","og_title":"Microdoncia y macrodoncia: qu\u00e9 son y c\u00f3mo se tratan | Vitaldent","og_description":"\u00bfPadeces de microdoncia o de macrodoncia? Descubre en qu\u00e9 consisten, a qu\u00e9 se deben y c\u00f3mo se pueden tratar en el Blog de Vitaldent.","og_url":"https:\/\/www.vitaldent.com\/blog\/que-son-la-microdoncia-y-la-macrodoncia-y-como-se-tratan\/","og_site_name":"El blog de Vitaldent | H\u00e1bitos, tratamientos y consejos de Salud Dental","article_published_time":"2023-12-28T10:01:48+00:00","article_modified_time":"2026-04-08T11:33:00+00:00","og_image":[{"width":1472,"height":976,"url":"https:\/\/www.vitaldent.com\/blog\/wp-content\/uploads\/2023\/12\/macrodoncia-microdoncia.jpg","type":"image\/jpeg"}],"author":"Dr. Rafael Alvarado","twitter_card":"summary_large_image","twitter_misc":{"Escrito por":"Dr. Rafael Alvarado","Tiempo de lectura":"8 minutos"},"schema":{"@context":"https:\/\/schema.org","@graph":[{"@type":"Article","@id":"https:\/\/www.vitaldent.com\/blog\/que-son-la-microdoncia-y-la-macrodoncia-y-como-se-tratan\/#article","isPartOf":{"@id":"https:\/\/www.vitaldent.com\/blog\/que-son-la-microdoncia-y-la-macrodoncia-y-como-se-tratan\/"},"author":{"name":"Dr. Rafael Alvarado","@id":"https:\/\/www.vitaldent.com\/blog\/#\/schema\/person\/0f775f5903e50b3cb7cd0dfa43a7b37d"},"headline":"\u00bfQu\u00e9 son la microdoncia y la macrodoncia? \u00bfC\u00f3mo se tratan?","datePublished":"2023-12-28T10:01:48+00:00","dateModified":"2026-04-08T11:33:00+00:00","mainEntityOfPage":{"@id":"https:\/\/www.vitaldent.com\/blog\/que-son-la-microdoncia-y-la-macrodoncia-y-como-se-tratan\/"},"wordCount":1590,"image":{"@id":"https:\/\/www.vitaldent.com\/blog\/que-son-la-microdoncia-y-la-macrodoncia-y-como-se-tratan\/#primaryimage"},"thumbnailUrl":"https:\/\/www.vitaldent.com\/blog\/wp-content\/uploads\/2023\/12\/macrodoncia-microdoncia.jpg","keywords":["Carillas dentales","Est\u00e9tica dental","Ortodoncia"],"articleSection":["Consejos y salud bucodental"],"inLanguage":"es"},{"@type":["WebPage","MedicalWebPage"],"@id":"https:\/\/www.vitaldent.com\/blog\/que-son-la-microdoncia-y-la-macrodoncia-y-como-se-tratan\/","url":"https:\/\/www.vitaldent.com\/blog\/que-son-la-microdoncia-y-la-macrodoncia-y-como-se-tratan\/","name":"Microdoncia y macrodoncia: qu\u00e9 son y c\u00f3mo se tratan | Vitaldent","isPartOf":{"@id":"https:\/\/www.vitaldent.com\/blog\/#website"},"primaryImageOfPage":{"@id":"https:\/\/www.vitaldent.com\/blog\/que-son-la-microdoncia-y-la-macrodoncia-y-como-se-tratan\/#primaryimage"},"image":{"@id":"https:\/\/www.vitaldent.com\/blog\/que-son-la-microdoncia-y-la-macrodoncia-y-como-se-tratan\/#primaryimage"},"thumbnailUrl":"https:\/\/www.vitaldent.com\/blog\/wp-content\/uploads\/2023\/12\/macrodoncia-microdoncia.jpg","datePublished":"2023-12-28T10:01:48+00:00","dateModified":"2026-04-08T11:33:00+00:00","author":{"@id":"https:\/\/www.vitaldent.com\/blog\/#\/schema\/person\/0f775f5903e50b3cb7cd0dfa43a7b37d"},"description":"\u00bfPadeces de microdoncia o de macrodoncia? Descubre en qu\u00e9 consisten, a qu\u00e9 se deben y c\u00f3mo se pueden tratar en el Blog de Vitaldent.","breadcrumb":{"@id":"https:\/\/www.vitaldent.com\/blog\/que-son-la-microdoncia-y-la-macrodoncia-y-como-se-tratan\/#breadcrumb"},"inLanguage":"es","potentialAction":[{"@type":"ReadAction","target":["https:\/\/www.vitaldent.com\/blog\/que-son-la-microdoncia-y-la-macrodoncia-y-como-se-tratan\/"]}]},{"@type":"ImageObject","inLanguage":"es","@id":"https:\/\/www.vitaldent.com\/blog\/que-son-la-microdoncia-y-la-macrodoncia-y-como-se-tratan\/#primaryimage","url":"https:\/\/www.vitaldent.com\/blog\/wp-content\/uploads\/2023\/12\/macrodoncia-microdoncia.jpg","contentUrl":"https:\/\/www.vitaldent.com\/blog\/wp-content\/uploads\/2023\/12\/macrodoncia-microdoncia.jpg","width":1472,"height":976,"caption":"Macrodoncia y microdoncia"},{"@type":"BreadcrumbList","@id":"https:\/\/www.vitaldent.com\/blog\/que-son-la-microdoncia-y-la-macrodoncia-y-como-se-tratan\/#breadcrumb","itemListElement":[{"@type":"ListItem","position":1,"name":"Home","item":"https:\/\/www.vitaldent.com\/blog\/"},{"@type":"ListItem","position":2,"name":"\u00bfQu\u00e9 son la microdoncia y la macrodoncia? \u00bfC\u00f3mo se tratan?"}]},{"@type":"WebSite","@id":"https:\/\/www.vitaldent.com\/blog\/#website","url":"https:\/\/www.vitaldent.com\/blog\/","name":"El blog de Vitaldent | H\u00e1bitos, tratamientos y consejos de Salud Dental","description":"El blog en el que encontrar\u00e1s h\u00e1bitos, tratamientos y consejos de salud dental","potentialAction":[{"@type":"SearchAction","target":{"@type":"EntryPoint","urlTemplate":"https:\/\/www.vitaldent.com\/blog\/?s={search_term_string}"},"query-input":{"@type":"PropertyValueSpecification","valueRequired":true,"valueName":"search_term_string"}}],"inLanguage":"es"},{"@type":"Person","@id":"https:\/\/www.vitaldent.com\/blog\/#\/schema\/person\/0f775f5903e50b3cb7cd0dfa43a7b37d","name":"Dr. Rafael Alvarado","image":{"@type":"ImageObject","inLanguage":"es","@id":"https:\/\/secure.gravatar.com\/avatar\/7d0198b960b84cb1222c90f031fa6300485552519fb9e98417e187a9752aa73f?s=96&d=mm&r=g","url":"https:\/\/secure.gravatar.com\/avatar\/7d0198b960b84cb1222c90f031fa6300485552519fb9e98417e187a9752aa73f?s=96&d=mm&r=g","contentUrl":"https:\/\/secure.gravatar.com\/avatar\/7d0198b960b84cb1222c90f031fa6300485552519fb9e98417e187a9752aa73f?s=96&d=mm&r=g","caption":"Dr. Rafael Alvarado"},"description":"Rafael Alvarado es coordinador m\u00e9dico del \u00e1rea de Cirug\u00eda e Implantolog\u00eda de Donte Group. Es licenciado en Odontolog\u00eda por la Universidad Complutense de Madrid, y m\u00e1ster en Cirug\u00eda, Periodoncia y Rehabilitaci\u00f3n en Implantolog\u00eda por la Universidad Cat\u00f3lica San Antonio de Murcia. Est\u00e1 formado en nuevas tecnolog\u00edas en cirug\u00eda oral, donde ha desarrollado t\u00e9cnicas destinadas a ofrecer tratamientos m\u00e1s predecibles y mejorar la calidad asistencial. Ha desempe\u00f1ado labores de coordinaci\u00f3n m\u00e9dica en multinacionales del sector dental, liderando grandes equipos m\u00e9dicos, asesorando y resolviendo casos complejos, desarrollando protocolos de actuaci\u00f3n y formando a m\u00e1s de un millar de odont\u00f3logos. Formaci\u00f3n \u2022 Licenciado en odontolog\u00eda por la universidad Complutense de Madrid \u2022 M\u00e1ster de Cirug\u00eda, Periodoncia y Rehabilitaci\u00f3n en Implantolog\u00eda por la UCAM Otros cursos y certificaciones \u2022 Diploma internacional quir\u00fargico en t\u00e9cnica de regeneraci\u00f3n \u00f3sea Khoury - Universidad FACOP \u2022 Diploma internacional quir\u00fargico en regeneraciones \u00f3seas avanzadas en senos maxilares - Universidad ILAPEO \u2022 Diploma internacional quir\u00fargico en implantes cigom\u00e1ticos \u2013 Cl\u00ednica CenCro \u2022 Diploma quir\u00fargico implantes cigom\u00e1ticos guiados \u2013 Mayo Dental Barcelona \u2022 Diploma Perito Judicial Odontol\u00f3gico \u2022 Diploma Director de centros e instalaciones de radiodiagn\u00f3stico. \u2022 Diploma en t\u00e9cnicas de venopunci\u00f3n, uso y aplicaciones de Fibrina Rica en Plaquetas y Leucocitos L-PRF\u00ae \u2022 Curso cirug\u00eda implantol\u00f3gica guiada \u2022 Curso regeneraci\u00f3n \u00f3sea avanzada horizontal y vertical con membranas \u2022 Curso cirug\u00eda de manejo de tejidos blandos en dientes e implantes MZM \u2022 Curso dise\u00f1o de sonrisa Smilecloud \u2022 Curso en implantes inmediatos postextracci\u00f3n y carga inmediata \u2022 Curso de trasplantes dentarios \u2022 Curso de microtornillos aplicados a ortodoncia \u2022 Curso de mallas customizadas subperi\u00f3sticas \u2022 Curso de tratamiento de la periimplantitis \u2022 Curso Rehabilitaci\u00f3n Neuro-oclusal \u2022 Dictante de cursos de cirug\u00eda guiada e implantes inmediatos \u2022 Formaci\u00f3n continua asistiendo a cursos y congresos de la especialidad de cirug\u00eda, implantolog\u00eda y prostodoncia Sociedades cient\u00edficas \u2022 Miembro de la Sociedad Espa\u00f1ola de Periodoncia y Osteointegraci\u00f3n (SEPA) \u2022 Miembro de la Sociedad Espa\u00f1ola de Cirug\u00eda Bucal (SECIB)","sameAs":["https:\/\/www.linkedin.com\/in\/rafael-alvarado-botev-18010b83\/?originalSubdomain=es"],"url":"https:\/\/www.vitaldent.com\/blog\/author\/dr-rafael-alvarado\/"}]}},"author_avatar_url":"https:\/\/www.vitaldent.com\/blog\/wp-content\/uploads\/2021\/08\/Foto-Dr-Rafael-Alvarado-1-e1628154884860.jpg","_links":{"self":[{"href":"https:\/\/www.vitaldent.com\/blog\/wp-json\/wp\/v2\/posts\/13633","targetHints":{"allow":["GET"]}}],"collection":[{"href":"https:\/\/www.vitaldent.com\/blog\/wp-json\/wp\/v2\/posts"}],"about":[{"href":"https:\/\/www.vitaldent.com\/blog\/wp-json\/wp\/v2\/types\/post"}],"author":[{"embeddable":true,"href":"https:\/\/www.vitaldent.com\/blog\/wp-json\/wp\/v2\/users\/9"}],"replies":[{"embeddable":true,"href":"https:\/\/www.vitaldent.com\/blog\/wp-json\/wp\/v2\/comments?post=13633"}],"version-history":[{"count":21,"href":"https:\/\/www.vitaldent.com\/blog\/wp-json\/wp\/v2\/posts\/13633\/revisions"}],"predecessor-version":[{"id":15155,"href":"https:\/\/www.vitaldent.com\/blog\/wp-json\/wp\/v2\/posts\/13633\/revisions\/15155"}],"wp:featuredmedia":[{"embeddable":true,"href":"https:\/\/www.vitaldent.com\/blog\/wp-json\/wp\/v2\/media\/13636"}],"wp:attachment":[{"href":"https:\/\/www.vitaldent.com\/blog\/wp-json\/wp\/v2\/media?parent=13633"}],"wp:term":[{"taxonomy":"category","embeddable":true,"href":"https:\/\/www.vitaldent.com\/blog\/wp-json\/wp\/v2\/categories?post=13633"},{"taxonomy":"post_tag","embeddable":true,"href":"https:\/\/www.vitaldent.com\/blog\/wp-json\/wp\/v2\/tags?post=13633"}],"curies":[{"name":"wp","href":"https:\/\/api.w.org\/{rel}","templated":true}]}}